{"id":110406,"date":"2022-09-06T15:33:21","date_gmt":"2022-09-06T18:33:21","guid":{"rendered":"https:\/\/eldiariodesanpedro.com.ar\/sitio\/?p=110406"},"modified":"2022-09-06T15:33:23","modified_gmt":"2022-09-06T18:33:23","slug":"el-sampedrino-luis-miguel-galeano-alojado-en-la-up3-en-san-nicolas-fue-herido-con-un-arma-blanca","status":"publish","type":"post","link":"https:\/\/eldiariodesanpedro.com.ar\/sitio\/el-sampedrino-luis-miguel-galeano-alojado-en-la-up3-en-san-nicolas-fue-herido-con-un-arma-blanca\/","title":{"rendered":"El sampedrino \u00abLuis Miguel Galeano\u00bb alojado en la UP3 en San Nicolas fue herido con un arma blanca"},"content":{"rendered":"<!-- VideographyWP Plugin Message: Automatic video embedding prevented by plugin options. -->\n\n<p>Se trata de Luis Miguel Galeano, quien cumple condena por un caso de tentativa de homicidio en ocasi\u00f3n de robo acontecido en el a\u00f1o 2014. El domingo fue herido durante una pelea entre internos. Tambi\u00e9n est\u00e1 imputado en el \u00abcaso Woldryk\u00bb.<\/p>\n\n\n\n<p>El pasado domingo, en una reyerta originada en el interior de la Unidad Penal N\u00b0 3 de San Nicol\u00e1s, result\u00f3 herido Luis Miguel \u00abTomy\u00bb Galeano, un hombre de 36 a\u00f1os oriundo de Gobernador Castro y que se encuentra cumpliendo condena en ese lugar.<\/p>\n\n\n\n<p>El joven fue apu\u00f1alado en una pelea de internos y permanece internado en el hospital San Felipe con pron\u00f3stico reservado.<\/p>\n\n\n\n<p>Galeano fue condenado a 9 a\u00f1os de prisi\u00f3n por un hecho cometido en el a\u00f1o 2014 cuando junto a otros delincuentes asaltaron una vivienda ubicada detr\u00e1s de la f\u00e1brica Arcor e hiri\u00f3 de un balazo a la due\u00f1a de casa.<\/p>\n\n\n\n<p>Adem\u00e1s, en abril de este a\u00f1o, fue imputado junto a su compa\u00f1ero de celda al ser hallado responsable del caso de \u00absextorci\u00f3n\u00bb del que fuera v\u00edctima el joven Juan Woldryk, quien justo por esos d\u00edas desapareci\u00f3 en la localidad de Bolivar y nunca m\u00e1s fue visto.<\/p>\n\n\n\n<p>Galeano se hizo pasar por un trabajador de la fiscal\u00eda y mediante mensajes de whatsapp comenz\u00f3 a extorsionar a Woldryk con que lo iba a imputar y difundir las fotos \u00edntimas que hab\u00eda intercambiado con una mujer menor de edad. All\u00ed el joven trabajador rural hizo varios dep\u00f3sitos hasta que a los pocos d\u00edas desapareci\u00f3.<\/p>\n\n\n\n<p>Fuente: San Pedro Informa<\/p>\n","protected":false},"excerpt":{"rendered":"<p>Se trata de Luis Miguel Galeano, quien cumple condena por un caso de tentativa de homicidio en ocasi\u00f3n de robo acontecido en el a\u00f1o 2014. El domingo fue herido durante una pelea entre internos. Tambi\u00e9n est\u00e1 imputado en el \u00abcaso Woldryk\u00bb. El pasado domingo, en una reyerta originada en el interior de la Unidad Penal [&hellip;]<\/p>\n","protected":false},"author":4,"featured_media":51073,"comment_status":"closed","ping_status":"closed","sticky":false,"template":"","format":"standard","meta":{"om_disable_all_campaigns":false,"_jetpack_memberships_contains_paid_content":false,"footnotes":""},"categories":[50,2,103],"tags":[197,33,95,19],"class_list":["post-110406","post","type-post","status-publish","format-standard","has-post-thumbnail","hentry","category-destacadas","category-locales","category-policiales-locales","tag-buenos-aires","tag-locales","tag-policiales","tag-san-pedro"],"aioseo_notices":[],"gutentor_comment":0,"jetpack_featured_media_url":"https:\/\/eldiariodesanpedro.com.ar\/sitio\/wp-content\/uploads\/2019\/04\/no_cjz9p3qetlwryc1pen.jpg","jetpack_shortlink":"https:\/\/wp.me\/p6RhLt-sIK","jetpack_sharing_enabled":true,"_links":{"self":[{"href":"https:\/\/eldiariodesanpedro.com.ar\/sitio\/wp-json\/wp\/v2\/posts\/110406","targetHints":{"allow":["GET"]}}],"collection":[{"href":"https:\/\/eldiariodesanpedro.com.ar\/sitio\/wp-json\/wp\/v2\/posts"}],"about":[{"href":"https:\/\/eldiariodesanpedro.com.ar\/sitio\/wp-json\/wp\/v2\/types\/post"}],"author":[{"embeddable":true,"href":"https:\/\/eldiariodesanpedro.com.ar\/sitio\/wp-json\/wp\/v2\/users\/4"}],"replies":[{"embeddable":true,"href":"https:\/\/eldiariodesanpedro.com.ar\/sitio\/wp-json\/wp\/v2\/comments?post=110406"}],"version-history":[{"count":1,"href":"https:\/\/eldiariodesanpedro.com.ar\/sitio\/wp-json\/wp\/v2\/posts\/110406\/revisions"}],"predecessor-version":[{"id":110407,"href":"https:\/\/eldiariodesanpedro.com.ar\/sitio\/wp-json\/wp\/v2\/posts\/110406\/revisions\/110407"}],"wp:featuredmedia":[{"embeddable":true,"href":"https:\/\/eldiariodesanpedro.com.ar\/sitio\/wp-json\/wp\/v2\/media\/51073"}],"wp:attachment":[{"href":"https:\/\/eldiariodesanpedro.com.ar\/sitio\/wp-json\/wp\/v2\/media?parent=110406"}],"wp:term":[{"taxonomy":"category","embeddable":true,"href":"https:\/\/eldiariodesanpedro.com.ar\/sitio\/wp-json\/wp\/v2\/categories?post=110406"},{"taxonomy":"post_tag","embeddable":true,"href":"https:\/\/eldiariodesanpedro.com.ar\/sitio\/wp-json\/wp\/v2\/tags?post=110406"}],"curies":[{"name":"wp","href":"https:\/\/api.w.org\/{rel}","templated":true}]}}