{"id":110404,"date":"2022-09-06T11:22:14","date_gmt":"2022-09-06T14:22:14","guid":{"rendered":"https:\/\/eldiariodesanpedro.com.ar\/sitio\/?p=110404"},"modified":"2022-09-06T11:22:15","modified_gmt":"2022-09-06T14:22:15","slug":"le-compraron-un-telefono-que-vendia-por-facebook-y-nunca-se-lo-pagaron","status":"publish","type":"post","link":"https:\/\/eldiariodesanpedro.com.ar\/sitio\/le-compraron-un-telefono-que-vendia-por-facebook-y-nunca-se-lo-pagaron\/","title":{"rendered":"Le compraron un tel\u00e9fono que vend\u00eda por Facebook y nunca se lo pagaron"},"content":{"rendered":"<!-- VideographyWP Plugin Message: Automatic video embedding prevented by plugin options. -->\n\n<p>En la jornada de ayer siendo aproximadamente las 22 horas denunci\u00f3&nbsp;una vecina de nuestra ciudad de 20 a\u00f1os, que publica para la venta en la red social Facebook su tel\u00e9fono celular Motorola G20 con fines de venta en Marketplace, donde es contactada por una persona, que utilizando mentiras logra convencer a denunciante de venderle la telefon\u00eda simulando una &nbsp;transferencia de pago mediante billetera virtual \u201cBrubank\u201d a su cuenta.<\/p>\n\n\n\n<p>Cuando el comprador tiene en su poder equipo este la bloquea de todo tipo de comunicaci\u00f3n. Interviene UFI N\u00b0 11 Local.-<\/p>\n","protected":false},"excerpt":{"rendered":"<p>En la jornada de ayer siendo aproximadamente las 22 horas denunci\u00f3&nbsp;una vecina de nuestra ciudad de 20 a\u00f1os, que publica para la venta en la red social Facebook su tel\u00e9fono celular Motorola G20 con fines de venta en Marketplace, donde es contactada por una persona, que utilizando mentiras logra convencer a denunciante de venderle la [&hellip;]<\/p>\n","protected":false},"author":4,"featured_media":99416,"comment_status":"closed","ping_status":"closed","sticky":false,"template":"","format":"standard","meta":{"om_disable_all_campaigns":false,"_jetpack_memberships_contains_paid_content":false,"footnotes":""},"categories":[2,103],"tags":[197,33,95,19],"class_list":["post-110404","post","type-post","status-publish","format-standard","has-post-thumbnail","hentry","category-locales","category-policiales-locales","tag-buenos-aires","tag-locales","tag-policiales","tag-san-pedro"],"aioseo_notices":[],"gutentor_comment":0,"jetpack_featured_media_url":"https:\/\/eldiariodesanpedro.com.ar\/sitio\/wp-content\/uploads\/2021\/09\/engano_por_Facebook.jpg","jetpack_shortlink":"https:\/\/wp.me\/p6RhLt-sII","jetpack_sharing_enabled":true,"_links":{"self":[{"href":"https:\/\/eldiariodesanpedro.com.ar\/sitio\/wp-json\/wp\/v2\/posts\/110404","targetHints":{"allow":["GET"]}}],"collection":[{"href":"https:\/\/eldiariodesanpedro.com.ar\/sitio\/wp-json\/wp\/v2\/posts"}],"about":[{"href":"https:\/\/eldiariodesanpedro.com.ar\/sitio\/wp-json\/wp\/v2\/types\/post"}],"author":[{"embeddable":true,"href":"https:\/\/eldiariodesanpedro.com.ar\/sitio\/wp-json\/wp\/v2\/users\/4"}],"replies":[{"embeddable":true,"href":"https:\/\/eldiariodesanpedro.com.ar\/sitio\/wp-json\/wp\/v2\/comments?post=110404"}],"version-history":[{"count":1,"href":"https:\/\/eldiariodesanpedro.com.ar\/sitio\/wp-json\/wp\/v2\/posts\/110404\/revisions"}],"predecessor-version":[{"id":110405,"href":"https:\/\/eldiariodesanpedro.com.ar\/sitio\/wp-json\/wp\/v2\/posts\/110404\/revisions\/110405"}],"wp:featuredmedia":[{"embeddable":true,"href":"https:\/\/eldiariodesanpedro.com.ar\/sitio\/wp-json\/wp\/v2\/media\/99416"}],"wp:attachment":[{"href":"https:\/\/eldiariodesanpedro.com.ar\/sitio\/wp-json\/wp\/v2\/media?parent=110404"}],"wp:term":[{"taxonomy":"category","embeddable":true,"href":"https:\/\/eldiariodesanpedro.com.ar\/sitio\/wp-json\/wp\/v2\/categories?post=110404"},{"taxonomy":"post_tag","embeddable":true,"href":"https:\/\/eldiariodesanpedro.com.ar\/sitio\/wp-json\/wp\/v2\/tags?post=110404"}],"curies":[{"name":"wp","href":"https:\/\/api.w.org\/{rel}","templated":true}]}}