{"id":110401,"date":"2022-09-06T11:11:18","date_gmt":"2022-09-06T14:11:18","guid":{"rendered":"https:\/\/eldiariodesanpedro.com.ar\/sitio\/?p=110401"},"modified":"2022-09-06T11:11:19","modified_gmt":"2022-09-06T14:11:19","slug":"se-recupero-abandonada-en-la-via-publica-una-moto-que-fue-robada-en-la-ciudad-de-mercedes","status":"publish","type":"post","link":"https:\/\/eldiariodesanpedro.com.ar\/sitio\/se-recupero-abandonada-en-la-via-publica-una-moto-que-fue-robada-en-la-ciudad-de-mercedes\/","title":{"rendered":"Se recuper\u00f3 abandonada en la v\u00eda p\u00fablica una moto que fue robada en la ciudad de Mercedes"},"content":{"rendered":"<!-- VideographyWP Plugin Message: Automatic video embedding prevented by plugin options. -->\n\n<p>En el d\u00eda de hoy promediando las 04 horas de la madrugada el personal policial en momentos en que se hallaba en recorridas din\u00e1micas por zonas suburbanas, divisa una motocicleta marca Zanella tipo 150 cc, que se hallaba relegada en pastizales, sin poder dar con su propietario, donde al cursar al sistema inform\u00e1tico sus datos de numeraci\u00f3n, la misma posee un pedido de secuestro activo de desde Septiembre del 2021, tramitado ante la UFI 6 de la localidad de Mercedes, por lo que es trasladada hacia la Dependencia, inici\u00e1ndose actuaciones pertinentes inteviniendo la UFI 11 Local.-\u00a0<\/p>\n","protected":false},"excerpt":{"rendered":"<p>En el d\u00eda de hoy promediando las 04 horas de la madrugada el personal policial en momentos en que se hallaba en recorridas din\u00e1micas por zonas suburbanas, divisa una motocicleta marca Zanella tipo 150 cc, que se hallaba relegada en pastizales, sin poder dar con su propietario, donde al cursar al sistema inform\u00e1tico sus datos [&hellip;]<\/p>\n","protected":false},"author":4,"featured_media":110402,"comment_status":"closed","ping_status":"closed","sticky":false,"template":"","format":"standard","meta":{"om_disable_all_campaigns":false,"_jetpack_memberships_contains_paid_content":false,"footnotes":""},"categories":[2,103],"tags":[197,33,95,19],"class_list":["post-110401","post","type-post","status-publish","format-standard","has-post-thumbnail","hentry","category-locales","category-policiales-locales","tag-buenos-aires","tag-locales","tag-policiales","tag-san-pedro"],"aioseo_notices":[],"gutentor_comment":0,"jetpack_featured_media_url":"https:\/\/eldiariodesanpedro.com.ar\/sitio\/wp-content\/uploads\/2022\/09\/4.png","jetpack_shortlink":"https:\/\/wp.me\/p6RhLt-sIF","jetpack_sharing_enabled":true,"_links":{"self":[{"href":"https:\/\/eldiariodesanpedro.com.ar\/sitio\/wp-json\/wp\/v2\/posts\/110401","targetHints":{"allow":["GET"]}}],"collection":[{"href":"https:\/\/eldiariodesanpedro.com.ar\/sitio\/wp-json\/wp\/v2\/posts"}],"about":[{"href":"https:\/\/eldiariodesanpedro.com.ar\/sitio\/wp-json\/wp\/v2\/types\/post"}],"author":[{"embeddable":true,"href":"https:\/\/eldiariodesanpedro.com.ar\/sitio\/wp-json\/wp\/v2\/users\/4"}],"replies":[{"embeddable":true,"href":"https:\/\/eldiariodesanpedro.com.ar\/sitio\/wp-json\/wp\/v2\/comments?post=110401"}],"version-history":[{"count":1,"href":"https:\/\/eldiariodesanpedro.com.ar\/sitio\/wp-json\/wp\/v2\/posts\/110401\/revisions"}],"predecessor-version":[{"id":110403,"href":"https:\/\/eldiariodesanpedro.com.ar\/sitio\/wp-json\/wp\/v2\/posts\/110401\/revisions\/110403"}],"wp:featuredmedia":[{"embeddable":true,"href":"https:\/\/eldiariodesanpedro.com.ar\/sitio\/wp-json\/wp\/v2\/media\/110402"}],"wp:attachment":[{"href":"https:\/\/eldiariodesanpedro.com.ar\/sitio\/wp-json\/wp\/v2\/media?parent=110401"}],"wp:term":[{"taxonomy":"category","embeddable":true,"href":"https:\/\/eldiariodesanpedro.com.ar\/sitio\/wp-json\/wp\/v2\/categories?post=110401"},{"taxonomy":"post_tag","embeddable":true,"href":"https:\/\/eldiariodesanpedro.com.ar\/sitio\/wp-json\/wp\/v2\/tags?post=110401"}],"curies":[{"name":"wp","href":"https:\/\/api.w.org\/{rel}","templated":true}]}}