{"id":110398,"date":"2022-09-06T11:04:53","date_gmt":"2022-09-06T14:04:53","guid":{"rendered":"https:\/\/eldiariodesanpedro.com.ar\/sitio\/?p=110398"},"modified":"2022-09-06T11:04:54","modified_gmt":"2022-09-06T14:04:54","slug":"una-mujer-fue-aprehendida-por-golpear-a-una-menor-de-edad-frente-a-la-fiscalia","status":"publish","type":"post","link":"https:\/\/eldiariodesanpedro.com.ar\/sitio\/una-mujer-fue-aprehendida-por-golpear-a-una-menor-de-edad-frente-a-la-fiscalia\/","title":{"rendered":"Una mujer fue aprehendida por golpear a una menor de edad frente a la fiscal\u00eda"},"content":{"rendered":"<!-- VideographyWP Plugin Message: Automatic video embedding prevented by plugin options. -->\n\n<p>En el d\u00eda de ayer promediando las 13 horas, personal policial realizando recorrida din\u00e1micas, divisa a una f\u00e9mina propin\u00e1ndole golpes a otra frente a la fiscal\u00eda local ubicada en calle Saavedra 247 aproximadamente, por lo que en r\u00e1pido accionar proceden a la aprehensi\u00f3n de\u00a0una ciudadana de 36 a\u00f1os donde es trasladada hacia la dependencia policial, como as\u00ed tambi\u00e9n a la otra parte agredida de 17 a\u00f1os que presentaba lesiones de car\u00e1cter leves en zona de rostro<strong>.<\/strong><\/p>\n\n\n\n<p>Interviniendola UFI 11 Local en turno disponiendo se labren actuaciones de rigor notificando a la femenina agresora de la formaci\u00f3n de la causa y posterior libertad.-<strong>\u00a0 \u00a0<\/strong><\/p>\n","protected":false},"excerpt":{"rendered":"<p>En el d\u00eda de ayer promediando las 13 horas, personal policial realizando recorrida din\u00e1micas, divisa a una f\u00e9mina propin\u00e1ndole golpes a otra frente a la fiscal\u00eda local ubicada en calle Saavedra 247 aproximadamente, por lo que en r\u00e1pido accionar proceden a la aprehensi\u00f3n de\u00a0una ciudadana de 36 a\u00f1os donde es trasladada hacia la dependencia policial, [&hellip;]<\/p>\n","protected":false},"author":4,"featured_media":110399,"comment_status":"closed","ping_status":"closed","sticky":false,"template":"","format":"standard","meta":{"om_disable_all_campaigns":false,"_jetpack_memberships_contains_paid_content":false,"footnotes":""},"categories":[2,103],"tags":[197,33,95,19],"class_list":["post-110398","post","type-post","status-publish","format-standard","has-post-thumbnail","hentry","category-locales","category-policiales-locales","tag-buenos-aires","tag-locales","tag-policiales","tag-san-pedro"],"aioseo_notices":[],"gutentor_comment":0,"jetpack_featured_media_url":"https:\/\/eldiariodesanpedro.com.ar\/sitio\/wp-content\/uploads\/2022\/09\/3-1.png","jetpack_shortlink":"https:\/\/wp.me\/p6RhLt-sIC","jetpack_sharing_enabled":true,"_links":{"self":[{"href":"https:\/\/eldiariodesanpedro.com.ar\/sitio\/wp-json\/wp\/v2\/posts\/110398","targetHints":{"allow":["GET"]}}],"collection":[{"href":"https:\/\/eldiariodesanpedro.com.ar\/sitio\/wp-json\/wp\/v2\/posts"}],"about":[{"href":"https:\/\/eldiariodesanpedro.com.ar\/sitio\/wp-json\/wp\/v2\/types\/post"}],"author":[{"embeddable":true,"href":"https:\/\/eldiariodesanpedro.com.ar\/sitio\/wp-json\/wp\/v2\/users\/4"}],"replies":[{"embeddable":true,"href":"https:\/\/eldiariodesanpedro.com.ar\/sitio\/wp-json\/wp\/v2\/comments?post=110398"}],"version-history":[{"count":1,"href":"https:\/\/eldiariodesanpedro.com.ar\/sitio\/wp-json\/wp\/v2\/posts\/110398\/revisions"}],"predecessor-version":[{"id":110400,"href":"https:\/\/eldiariodesanpedro.com.ar\/sitio\/wp-json\/wp\/v2\/posts\/110398\/revisions\/110400"}],"wp:featuredmedia":[{"embeddable":true,"href":"https:\/\/eldiariodesanpedro.com.ar\/sitio\/wp-json\/wp\/v2\/media\/110399"}],"wp:attachment":[{"href":"https:\/\/eldiariodesanpedro.com.ar\/sitio\/wp-json\/wp\/v2\/media?parent=110398"}],"wp:term":[{"taxonomy":"category","embeddable":true,"href":"https:\/\/eldiariodesanpedro.com.ar\/sitio\/wp-json\/wp\/v2\/categories?post=110398"},{"taxonomy":"post_tag","embeddable":true,"href":"https:\/\/eldiariodesanpedro.com.ar\/sitio\/wp-json\/wp\/v2\/tags?post=110398"}],"curies":[{"name":"wp","href":"https:\/\/api.w.org\/{rel}","templated":true}]}}