{"id":110395,"date":"2022-09-06T11:00:07","date_gmt":"2022-09-06T14:00:07","guid":{"rendered":"https:\/\/eldiariodesanpedro.com.ar\/sitio\/?p=110395"},"modified":"2022-09-06T11:00:08","modified_gmt":"2022-09-06T14:00:08","slug":"allanamiento-positivo-en-la-localidad-de-gobernador-castro","status":"publish","type":"post","link":"https:\/\/eldiariodesanpedro.com.ar\/sitio\/allanamiento-positivo-en-la-localidad-de-gobernador-castro\/","title":{"rendered":"Allanamiento positivo en la localidad de Gobernador Castro"},"content":{"rendered":"<!-- VideographyWP Plugin Message: Automatic video embedding prevented by plugin options. -->\n\n<p>Tras haber recepcionada una denuncia en el Destacamento de Gobernador Castro a ciudadano de 43 a\u00f1os el personal policial junto personal grupo de tareas operativas de la dependencia local, tras tareas investigativas y testimonios, logran identificar la autor\u00eda del hecho, solicitando orden de allanamiento al Juzgado de Garant\u00edas en turno San Nicol\u00e1s, para un domicilio de calle San Nicol\u00e1s 150 de Gobernador Castro, resultado positivo procediendo secuestro de garrafa 10 kilos, amoladora, pantallas a gas y alargue, procedi\u00e9ndose a la aprehensi\u00f3n\u00a0 de su morador un ciudadano de 22.<\/p>\n\n\n\n<p>Comunicaci\u00f3n UFI 07 dispone que el ciudadano sea notificado de la formaci\u00f3n de causa y permanezca alojado en E.P.C San Pedro, a fines de ser remitido a sede fiscal para su indagatoria.-<\/p>\n","protected":false},"excerpt":{"rendered":"<p>Tras haber recepcionada una denuncia en el Destacamento de Gobernador Castro a ciudadano de 43 a\u00f1os el personal policial junto personal grupo de tareas operativas de la dependencia local, tras tareas investigativas y testimonios, logran identificar la autor\u00eda del hecho, solicitando orden de allanamiento al Juzgado de Garant\u00edas en turno San Nicol\u00e1s, para un domicilio [&hellip;]<\/p>\n","protected":false},"author":4,"featured_media":110396,"comment_status":"closed","ping_status":"closed","sticky":false,"template":"","format":"standard","meta":{"om_disable_all_campaigns":false,"_jetpack_memberships_contains_paid_content":false,"footnotes":""},"categories":[2,103],"tags":[197,33,95,19],"class_list":["post-110395","post","type-post","status-publish","format-standard","has-post-thumbnail","hentry","category-locales","category-policiales-locales","tag-buenos-aires","tag-locales","tag-policiales","tag-san-pedro"],"aioseo_notices":[],"gutentor_comment":0,"jetpack_featured_media_url":"https:\/\/eldiariodesanpedro.com.ar\/sitio\/wp-content\/uploads\/2022\/09\/2-1.png","jetpack_shortlink":"https:\/\/wp.me\/p6RhLt-sIz","jetpack_sharing_enabled":true,"_links":{"self":[{"href":"https:\/\/eldiariodesanpedro.com.ar\/sitio\/wp-json\/wp\/v2\/posts\/110395","targetHints":{"allow":["GET"]}}],"collection":[{"href":"https:\/\/eldiariodesanpedro.com.ar\/sitio\/wp-json\/wp\/v2\/posts"}],"about":[{"href":"https:\/\/eldiariodesanpedro.com.ar\/sitio\/wp-json\/wp\/v2\/types\/post"}],"author":[{"embeddable":true,"href":"https:\/\/eldiariodesanpedro.com.ar\/sitio\/wp-json\/wp\/v2\/users\/4"}],"replies":[{"embeddable":true,"href":"https:\/\/eldiariodesanpedro.com.ar\/sitio\/wp-json\/wp\/v2\/comments?post=110395"}],"version-history":[{"count":1,"href":"https:\/\/eldiariodesanpedro.com.ar\/sitio\/wp-json\/wp\/v2\/posts\/110395\/revisions"}],"predecessor-version":[{"id":110397,"href":"https:\/\/eldiariodesanpedro.com.ar\/sitio\/wp-json\/wp\/v2\/posts\/110395\/revisions\/110397"}],"wp:featuredmedia":[{"embeddable":true,"href":"https:\/\/eldiariodesanpedro.com.ar\/sitio\/wp-json\/wp\/v2\/media\/110396"}],"wp:attachment":[{"href":"https:\/\/eldiariodesanpedro.com.ar\/sitio\/wp-json\/wp\/v2\/media?parent=110395"}],"wp:term":[{"taxonomy":"category","embeddable":true,"href":"https:\/\/eldiariodesanpedro.com.ar\/sitio\/wp-json\/wp\/v2\/categories?post=110395"},{"taxonomy":"post_tag","embeddable":true,"href":"https:\/\/eldiariodesanpedro.com.ar\/sitio\/wp-json\/wp\/v2\/tags?post=110395"}],"curies":[{"name":"wp","href":"https:\/\/api.w.org\/{rel}","templated":true}]}}