{"id":110389,"date":"2022-09-06T10:38:04","date_gmt":"2022-09-06T13:38:04","guid":{"rendered":"https:\/\/eldiariodesanpedro.com.ar\/sitio\/?p=110389"},"modified":"2022-09-06T10:38:05","modified_gmt":"2022-09-06T13:38:05","slug":"banco-provincia-empezo-el-descuento-del-45-con-tarjetas-y-cuenta-dni","status":"publish","type":"post","link":"https:\/\/eldiariodesanpedro.com.ar\/sitio\/banco-provincia-empezo-el-descuento-del-45-con-tarjetas-y-cuenta-dni\/","title":{"rendered":"Banco Provincia: empez\u00f3 el descuento del 45% con tarjetas y Cuenta DNI"},"content":{"rendered":"<!-- VideographyWP Plugin Message: Automatic video embedding prevented by plugin options. -->\n\n<p>Este martes dio comienzo el descuento especial de Banco Provincia en el marco de su bicentenario. Aplica a compras hechas con Cuenta DNI y tarjetas.<\/p>\n\n\n\n<p>En el marco de los festejos por su bicentenario, que se conmemora este martes 6 de septiembre,&nbsp;<strong>Banco Provincia<\/strong>&nbsp;puso en marcha una rebaja del&nbsp;<strong>45 % a trav\u00e9s de Cuenta DNI y tarjetas de cr\u00e9dito Visa o Mastercard en comercios adheridos<\/strong>.<\/p>\n\n\n\n<p>La iniciativa se extender\u00e1 hasta el jueves 8 inclusive comprando con la billetera electr\u00f3nica, con un<strong>\u00a0tope de reintegro de 1.800 pesos<\/strong>\u00a0por persona. Comprando con tarjeta, el l\u00edmite asciende a los\u00a0<strong>3.500 pesos\u00a0<\/strong>y la validez de la promoci\u00f3n es hasta el mi\u00e9rcoles 7.<\/p>\n\n\n\n<p>Los locales participantes incluyen a los rubros indumentaria, casas de deportes, \u00f3pticas, bicicleter\u00edas, perfumer\u00edas, entre otros, y se encuentran identificados con carteler\u00eda de la entidad financiera.<\/p>\n\n\n\n<p>Adem\u00e1s, en septiembre continuar\u00e1n las promociones habituales de Cuenta DNI, que incluyen ahorros en comercios de barrio, mercados y ferias bonaerenses,\u00a0supermercados\u00a0y otros locales.<\/p>\n\n\n\n<p>Por otro lado, el s\u00e1bado 17 tendr\u00e1 lugar\u00a0un festival de m\u00fasica gratuito en el Estadio \u00danico de La Plata\u00a0en el que actuar\u00e1n\u00a0<strong>Mar\u00eda Becerra, Los Aut\u00e9nticos Decadentes, Miranda! y Estelares<\/strong>.\u00a0Las dos primeras tandas de entradas ya se agotaron, pero a\u00fan queda una tercera instancia para conseguirlas, que ser\u00e1 el domingo 11.<\/p>\n\n\n\n<p>Asimismo, contin\u00faa vigente la\u00a0promoci\u00f3n para comprar TV y celulares con descuento y en hasta 24 cuotas sin inter\u00e9s, un beneficio que se enmarca en la\u00a0<strong>Copa Mundial de F\u00fatbol<\/strong>\u00a0v\u00e1lido para transacciones online hechas con<strong>\u00a0tarjetas de cr\u00e9dito<\/strong>\u00a0emitidas por la entidad.<\/p>\n\n\n\n<p>Vale recordar que el Banco de la Provincia de Buenos Aires es el&nbsp;<strong>primer banco de Hispanoam\u00e9rica&nbsp;<\/strong>y comenz\u00f3 a operar el&nbsp;<strong>6 de septiembre de 1822<\/strong>, mismo d\u00eda en el cual puso en circulaci\u00f3n los&nbsp;<strong>primeros billetes de la historia<\/strong>&nbsp;argentina.<\/p>\n\n\n\n<p>En diciembre de 1863 abri\u00f3 su&nbsp;<strong>primera sucursal en San Nicol\u00e1s de los Arroyos<\/strong>, a la que le siguieron Dolores y Mercedes en 1864. Desde entonces, su presencia en el territorio que hoy conforman la Provincia y la Ciudad Aut\u00f3noma de Buenos Aires se extendi\u00f3 hasta alcanzar<strong>&nbsp;420 puntos de atenci\u00f3n al p\u00fablico<\/strong>.<\/p>\n\n\n\n<p><a href=\"https:\/\/media.infocielo.com\/p\/4889fe144217a7bf1d8bfbee7afcbbcb\/adjuntos\/299\/imagenes\/001\/406\/0001406779\/887x0\/smart\/banco-provincia-tarjetajpg.jpg\"><\/a><\/p>\n","protected":false},"excerpt":{"rendered":"<p>Este martes dio comienzo el descuento especial de Banco Provincia en el marco de su bicentenario. Aplica a compras hechas con Cuenta DNI y tarjetas. En el marco de los festejos por su bicentenario, que se conmemora este martes 6 de septiembre,&nbsp;Banco Provincia&nbsp;puso en marcha una rebaja del&nbsp;45 % a trav\u00e9s de Cuenta DNI y [&hellip;]<\/p>\n","protected":false},"author":4,"featured_media":110390,"comment_status":"closed","ping_status":"closed","sticky":false,"template":"","format":"standard","meta":{"om_disable_all_campaigns":false,"_jetpack_memberships_contains_paid_content":false,"footnotes":""},"categories":[50,101,2],"tags":[197,696,33,19],"class_list":["post-110389","post","type-post","status-publish","format-standard","has-post-thumbnail","hentry","category-destacadas","category-interes-general-locales","category-locales","tag-buenos-aires","tag-interes-general","tag-locales","tag-san-pedro"],"aioseo_notices":[],"gutentor_comment":0,"jetpack_featured_media_url":"https:\/\/eldiariodesanpedro.com.ar\/sitio\/wp-content\/uploads\/2022\/09\/1654615164325.jpg","jetpack_shortlink":"https:\/\/wp.me\/p6RhLt-sIt","jetpack_sharing_enabled":true,"_links":{"self":[{"href":"https:\/\/eldiariodesanpedro.com.ar\/sitio\/wp-json\/wp\/v2\/posts\/110389","targetHints":{"allow":["GET"]}}],"collection":[{"href":"https:\/\/eldiariodesanpedro.com.ar\/sitio\/wp-json\/wp\/v2\/posts"}],"about":[{"href":"https:\/\/eldiariodesanpedro.com.ar\/sitio\/wp-json\/wp\/v2\/types\/post"}],"author":[{"embeddable":true,"href":"https:\/\/eldiariodesanpedro.com.ar\/sitio\/wp-json\/wp\/v2\/users\/4"}],"replies":[{"embeddable":true,"href":"https:\/\/eldiariodesanpedro.com.ar\/sitio\/wp-json\/wp\/v2\/comments?post=110389"}],"version-history":[{"count":1,"href":"https:\/\/eldiariodesanpedro.com.ar\/sitio\/wp-json\/wp\/v2\/posts\/110389\/revisions"}],"predecessor-version":[{"id":110391,"href":"https:\/\/eldiariodesanpedro.com.ar\/sitio\/wp-json\/wp\/v2\/posts\/110389\/revisions\/110391"}],"wp:featuredmedia":[{"embeddable":true,"href":"https:\/\/eldiariodesanpedro.com.ar\/sitio\/wp-json\/wp\/v2\/media\/110390"}],"wp:attachment":[{"href":"https:\/\/eldiariodesanpedro.com.ar\/sitio\/wp-json\/wp\/v2\/media?parent=110389"}],"wp:term":[{"taxonomy":"category","embeddable":true,"href":"https:\/\/eldiariodesanpedro.com.ar\/sitio\/wp-json\/wp\/v2\/categories?post=110389"},{"taxonomy":"post_tag","embeddable":true,"href":"https:\/\/eldiariodesanpedro.com.ar\/sitio\/wp-json\/wp\/v2\/tags?post=110389"}],"curies":[{"name":"wp","href":"https:\/\/api.w.org\/{rel}","templated":true}]}}