{"id":110372,"date":"2022-09-05T20:05:06","date_gmt":"2022-09-05T23:05:06","guid":{"rendered":"https:\/\/eldiariodesanpedro.com.ar\/sitio\/?p=110372"},"modified":"2022-09-05T20:05:08","modified_gmt":"2022-09-05T23:05:08","slug":"frutos-de-la-tierra-y-el-rio-tendra-una-nueva-edicion-en-septiembre","status":"publish","type":"post","link":"https:\/\/eldiariodesanpedro.com.ar\/sitio\/frutos-de-la-tierra-y-el-rio-tendra-una-nueva-edicion-en-septiembre\/","title":{"rendered":"Frutos de la tierra y el r\u00edo tendr\u00e1 una nueva edici\u00f3n en septiembre\u00a0"},"content":{"rendered":"<!-- VideographyWP Plugin Message: Automatic video embedding prevented by plugin options. -->\n\n<p><strong><em>El s\u00e1bado 10 se realizar\u00e1 una nueva edici\u00f3n de la feria que re\u00fane a productores locales, tras la suspensi\u00f3n por el clima en julio. Ser\u00e1 entre las 10 y 18 hs, frente a la Plaza Constituci\u00f3n.<\/em><\/strong><\/p>\n\n\n\n<p>Con doce emprendimientos confirmados hasta el momento, se har\u00e1&nbsp; un nuevo encuentro entre quienes producen y consumen. \u00c9sta vez, coincidiendo con el mes de celebraci\u00f3n del D\u00eda Nacional de la Conciencia Ambiental -el 27 de septiembre-,&nbsp; para impulsar pr\u00e1cticas y actitudes responsables a la hora de relacionarse con el ambiente.<\/p>\n\n\n\n<p>Como cada edici\u00f3n, quienes visiten podr\u00e1n aprovisionarse de miel y productos derivados del prop\u00f3leo. Tambi\u00e9n cremas y dem\u00e1s productos de cosm\u00e9tica hechos con materiales naturales. Plantines de distinto tipo (ornamentales, arom\u00e1ticas), cactus y suculentas. Para ir preparando la huerta de verano, habr\u00e1 plantines de numerosas variedades de tomate y morrones. Nuevamente&nbsp; las ya cl\u00e1sicas batatas de Ipomea, en este caso de variedad Beauregard de pulpa naranja.&nbsp; Se integrar\u00e1 a esta edici\u00f3n la nuez pec\u00e1n, que tantas preparaciones golosas propone. Tambi\u00e9n habr\u00e1 dulces caseros cl\u00e1sicos y combinaciones \u00fanicas, ideales para merendar estas tardes fresquitas. Y por supuesto, las lanas hiladas a mano para pasar este invierno haciendo tejidos, productos para regalar hechos con fieltro, y algunas prendas \u00fanicas para lucir a la vez que se protege del fr\u00edo!<\/p>\n\n\n\n<p>Para seguir promoviendo actitudes responsables con el medio ambiente como la feria, que en s\u00ed misma es una modalidad de disponer productos que se realizan cerca (y as\u00ed disminuir los traslados, las perdidas en el tiempo, etc), se recuerda la importancia de&nbsp;acercarse con la bolsa para disminuir los residuos.&nbsp;<\/p>\n\n\n\n<p>En esta ocasi\u00f3n, la Asociaci\u00f3n Civil celebra que ha renovado la presidencia, quedando ahora a cargo de Walter Balustro, acompa\u00f1ado en la vicepresidencia en el segundo a\u00f1o de gesti\u00f3n por Patricia G\u00f3mez.&nbsp;<\/p>\n\n\n\n<p>La Feria est\u00e1 autorizada por ordenanza 6322\/18. La Asociaci\u00f3n Civil Frutos de la tierra y el r\u00edo. Matr\u00edcula N\u00b045129, Resoluci\u00f3n DPPJ 7109, Inscripci\u00f3n 04\/09\/2018.<\/p>\n\n\n<div class=\"wp-block-image\">\n<figure class=\"aligncenter size-full\"><img decoding=\"async\" width=\"630\" height=\"630\" data-attachment-id=\"110373\" data-permalink=\"https:\/\/eldiariodesanpedro.com.ar\/sitio\/frutos-de-la-tierra-y-el-rio-tendra-una-nueva-edicion-en-septiembre\/13f6ac71-cf70-4a38-911a-ec8135abc149-3\/\" data-orig-file=\"https:\/\/eldiariodesanpedro.com.ar\/sitio\/wp-content\/uploads\/2022\/09\/13f6ac71-cf70-4a38-911a-ec8135abc149.jpg\" data-orig-size=\"630,630\" data-comments-opened=\"0\" data-image-meta=\"{&quot;aperture&quot;:&quot;0&quot;,&quot;credit&quot;:&quot;&quot;,&quot;camera&quot;:&quot;&quot;,&quot;caption&quot;:&quot;&quot;,&quot;created_timestamp&quot;:&quot;0&quot;,&quot;copyright&quot;:&quot;&quot;,&quot;focal_length&quot;:&quot;0&quot;,&quot;iso&quot;:&quot;0&quot;,&quot;shutter_speed&quot;:&quot;0&quot;,&quot;title&quot;:&quot;&quot;,&quot;orientation&quot;:&quot;0&quot;}\" data-image-title=\"13f6ac71-cf70-4a38-911a-ec8135abc149\" data-image-description=\"\" data-image-caption=\"\" data-large-file=\"https:\/\/eldiariodesanpedro.com.ar\/sitio\/wp-content\/uploads\/2022\/09\/13f6ac71-cf70-4a38-911a-ec8135abc149.jpg\" data-src=\"https:\/\/eldiariodesanpedro.com.ar\/sitio\/wp-content\/uploads\/2022\/09\/13f6ac71-cf70-4a38-911a-ec8135abc149.jpg\" alt=\"\" class=\"wp-image-110373 lazyload\" data-srcset=\"https:\/\/eldiariodesanpedro.com.ar\/sitio\/wp-content\/uploads\/2022\/09\/13f6ac71-cf70-4a38-911a-ec8135abc149.jpg 630w, https:\/\/eldiariodesanpedro.com.ar\/sitio\/wp-content\/uploads\/2022\/09\/13f6ac71-cf70-4a38-911a-ec8135abc149-300x300.jpg 300w, https:\/\/eldiariodesanpedro.com.ar\/sitio\/wp-content\/uploads\/2022\/09\/13f6ac71-cf70-4a38-911a-ec8135abc149-150x150.jpg 150w\" data-sizes=\"(max-width: 630px) 100vw, 630px\" src=\"data:image\/svg+xml;base64,PHN2ZyB3aWR0aD0iMSIgaGVpZ2h0PSIxIiB4bWxucz0iaHR0cDovL3d3dy53My5vcmcvMjAwMC9zdmciPjwvc3ZnPg==\" style=\"--smush-placeholder-width: 630px; --smush-placeholder-aspect-ratio: 630\/630;\" \/><\/figure>\n<\/div>","protected":false},"excerpt":{"rendered":"<p>El s\u00e1bado 10 se realizar\u00e1 una nueva edici\u00f3n de la feria que re\u00fane a productores locales, tras la suspensi\u00f3n por el clima en julio. Ser\u00e1 entre las 10 y 18 hs, frente a la Plaza Constituci\u00f3n. Con doce emprendimientos confirmados hasta el momento, se har\u00e1&nbsp; un nuevo encuentro entre quienes producen y consumen. \u00c9sta vez, [&hellip;]<\/p>\n","protected":false},"author":4,"featured_media":20842,"comment_status":"closed","ping_status":"closed","sticky":false,"template":"","format":"standard","meta":{"om_disable_all_campaigns":false,"_jetpack_memberships_contains_paid_content":false,"footnotes":""},"categories":[101,2],"tags":[],"class_list":["post-110372","post","type-post","status-publish","format-standard","has-post-thumbnail","hentry","category-interes-general-locales","category-locales"],"aioseo_notices":[],"gutentor_comment":0,"jetpack_featured_media_url":"https:\/\/eldiariodesanpedro.com.ar\/sitio\/wp-content\/uploads\/2017\/07\/frutos-de-la-tierra-y-el-rio.jpg","jetpack_shortlink":"https:\/\/wp.me\/p6RhLt-sIc","jetpack_sharing_enabled":true,"_links":{"self":[{"href":"https:\/\/eldiariodesanpedro.com.ar\/sitio\/wp-json\/wp\/v2\/posts\/110372","targetHints":{"allow":["GET"]}}],"collection":[{"href":"https:\/\/eldiariodesanpedro.com.ar\/sitio\/wp-json\/wp\/v2\/posts"}],"about":[{"href":"https:\/\/eldiariodesanpedro.com.ar\/sitio\/wp-json\/wp\/v2\/types\/post"}],"author":[{"embeddable":true,"href":"https:\/\/eldiariodesanpedro.com.ar\/sitio\/wp-json\/wp\/v2\/users\/4"}],"replies":[{"embeddable":true,"href":"https:\/\/eldiariodesanpedro.com.ar\/sitio\/wp-json\/wp\/v2\/comments?post=110372"}],"version-history":[{"count":1,"href":"https:\/\/eldiariodesanpedro.com.ar\/sitio\/wp-json\/wp\/v2\/posts\/110372\/revisions"}],"predecessor-version":[{"id":110374,"href":"https:\/\/eldiariodesanpedro.com.ar\/sitio\/wp-json\/wp\/v2\/posts\/110372\/revisions\/110374"}],"wp:featuredmedia":[{"embeddable":true,"href":"https:\/\/eldiariodesanpedro.com.ar\/sitio\/wp-json\/wp\/v2\/media\/20842"}],"wp:attachment":[{"href":"https:\/\/eldiariodesanpedro.com.ar\/sitio\/wp-json\/wp\/v2\/media?parent=110372"}],"wp:term":[{"taxonomy":"category","embeddable":true,"href":"https:\/\/eldiariodesanpedro.com.ar\/sitio\/wp-json\/wp\/v2\/categories?post=110372"},{"taxonomy":"post_tag","embeddable":true,"href":"https:\/\/eldiariodesanpedro.com.ar\/sitio\/wp-json\/wp\/v2\/tags?post=110372"}],"curies":[{"name":"wp","href":"https:\/\/api.w.org\/{rel}","templated":true}]}}