{"id":110367,"date":"2022-09-05T18:06:49","date_gmt":"2022-09-05T21:06:49","guid":{"rendered":"https:\/\/eldiariodesanpedro.com.ar\/sitio\/?p=110367"},"modified":"2022-09-05T18:06:50","modified_gmt":"2022-09-05T21:06:50","slug":"la-municipalidad-participa-del-acuerdo-de-hermanamiento-entre-buenos-aires-y-sichuan","status":"publish","type":"post","link":"https:\/\/eldiariodesanpedro.com.ar\/sitio\/la-municipalidad-participa-del-acuerdo-de-hermanamiento-entre-buenos-aires-y-sichuan\/","title":{"rendered":"La Municipalidad participa del acuerdo de hermanamiento entre Buenos Aires y Sichuan"},"content":{"rendered":"<!-- VideographyWP Plugin Message: Automatic video embedding prevented by plugin options. -->\n\n<p>Este jueves 1 de septiembre en casa de gobierno de la provincia de Buenos Aires ubicada en la ciudad de La Plata, la Municipalidad de San Pedro, representada por el secretario de Desarrollo Econ\u00f3mico Mart\u00edn Baraybar, particip\u00f3 de una reuni\u00f3n con el Subsecretario de relaciones institucionales e internacionales Mario Oporto junto a los municipios de Avellaneda, Quilmes, Almirante Brown, Marcos Paz y Partido de la Costa, para avanzar en la concreci\u00f3n de acuerdos con la Rep\u00fablica Popular de China para llevar a cabo un hermanamiento entre la provincia de Buenos Aires, a trav\u00e9s de los municipios participantes y la provincia de Sichuan.<\/p>\n\n\n\n<p>El avance de este acuerdo, que tiene como objetivo crear v\u00ednculos y fomentar las buenas relaciones entre ciudades, hermanar\u00e1 los seis municipios de nuestra provincia con seis ciudades pertenecientes a la provincia de Sichuan, y acercar\u00e1 a nuestro municipio de San Pedro con la ciudad Luzhou, de gran relevancia hist\u00f3rica y cultural.<\/p>\n\n\n\n<figure class=\"wp-block-image size-full\"><img decoding=\"async\" width=\"900\" height=\"599\" data-attachment-id=\"110369\" data-permalink=\"https:\/\/eldiariodesanpedro.com.ar\/sitio\/la-municipalidad-participa-del-acuerdo-de-hermanamiento-entre-buenos-aires-y-sichuan\/whatsapp-image-2022-09-05-at-12-14-38\/\" data-orig-file=\"https:\/\/eldiariodesanpedro.com.ar\/sitio\/wp-content\/uploads\/2022\/09\/WhatsApp-Image-2022-09-05-at-12.14.38.jpeg\" data-orig-size=\"900,599\" data-comments-opened=\"0\" data-image-meta=\"{&quot;aperture&quot;:&quot;0&quot;,&quot;credit&quot;:&quot;&quot;,&quot;camera&quot;:&quot;&quot;,&quot;caption&quot;:&quot;&quot;,&quot;created_timestamp&quot;:&quot;0&quot;,&quot;copyright&quot;:&quot;&quot;,&quot;focal_length&quot;:&quot;0&quot;,&quot;iso&quot;:&quot;0&quot;,&quot;shutter_speed&quot;:&quot;0&quot;,&quot;title&quot;:&quot;&quot;,&quot;orientation&quot;:&quot;0&quot;}\" data-image-title=\"WhatsApp Image 2022-09-05 at 12.14.38\" data-image-description=\"\" data-image-caption=\"\" data-large-file=\"https:\/\/eldiariodesanpedro.com.ar\/sitio\/wp-content\/uploads\/2022\/09\/WhatsApp-Image-2022-09-05-at-12.14.38.jpeg\" data-src=\"https:\/\/eldiariodesanpedro.com.ar\/sitio\/wp-content\/uploads\/2022\/09\/WhatsApp-Image-2022-09-05-at-12.14.38.jpeg\" alt=\"\" class=\"wp-image-110369 lazyload\" data-srcset=\"https:\/\/eldiariodesanpedro.com.ar\/sitio\/wp-content\/uploads\/2022\/09\/WhatsApp-Image-2022-09-05-at-12.14.38.jpeg 900w, https:\/\/eldiariodesanpedro.com.ar\/sitio\/wp-content\/uploads\/2022\/09\/WhatsApp-Image-2022-09-05-at-12.14.38-300x200.jpeg 300w, https:\/\/eldiariodesanpedro.com.ar\/sitio\/wp-content\/uploads\/2022\/09\/WhatsApp-Image-2022-09-05-at-12.14.38-768x511.jpeg 768w\" data-sizes=\"(max-width: 900px) 100vw, 900px\" src=\"data:image\/svg+xml;base64,PHN2ZyB3aWR0aD0iMSIgaGVpZ2h0PSIxIiB4bWxucz0iaHR0cDovL3d3dy53My5vcmcvMjAwMC9zdmciPjwvc3ZnPg==\" style=\"--smush-placeholder-width: 900px; --smush-placeholder-aspect-ratio: 900\/599;\" \/><\/figure>\n\n\n\n<figure class=\"wp-block-image size-full\"><img decoding=\"async\" width=\"900\" height=\"599\" data-attachment-id=\"110370\" data-permalink=\"https:\/\/eldiariodesanpedro.com.ar\/sitio\/la-municipalidad-participa-del-acuerdo-de-hermanamiento-entre-buenos-aires-y-sichuan\/whatsapp-image-2022-09-05-at-12-14-38-1\/\" data-orig-file=\"https:\/\/eldiariodesanpedro.com.ar\/sitio\/wp-content\/uploads\/2022\/09\/WhatsApp-Image-2022-09-05-at-12.14.38-1.jpeg\" data-orig-size=\"900,599\" data-comments-opened=\"0\" data-image-meta=\"{&quot;aperture&quot;:&quot;0&quot;,&quot;credit&quot;:&quot;&quot;,&quot;camera&quot;:&quot;&quot;,&quot;caption&quot;:&quot;&quot;,&quot;created_timestamp&quot;:&quot;0&quot;,&quot;copyright&quot;:&quot;&quot;,&quot;focal_length&quot;:&quot;0&quot;,&quot;iso&quot;:&quot;0&quot;,&quot;shutter_speed&quot;:&quot;0&quot;,&quot;title&quot;:&quot;&quot;,&quot;orientation&quot;:&quot;0&quot;}\" data-image-title=\"WhatsApp-Image-2022-09-05-at-12.14.38-1\" data-image-description=\"\" data-image-caption=\"\" data-large-file=\"https:\/\/eldiariodesanpedro.com.ar\/sitio\/wp-content\/uploads\/2022\/09\/WhatsApp-Image-2022-09-05-at-12.14.38-1.jpeg\" data-src=\"https:\/\/eldiariodesanpedro.com.ar\/sitio\/wp-content\/uploads\/2022\/09\/WhatsApp-Image-2022-09-05-at-12.14.38-1.jpeg\" alt=\"\" class=\"wp-image-110370 lazyload\" data-srcset=\"https:\/\/eldiariodesanpedro.com.ar\/sitio\/wp-content\/uploads\/2022\/09\/WhatsApp-Image-2022-09-05-at-12.14.38-1.jpeg 900w, https:\/\/eldiariodesanpedro.com.ar\/sitio\/wp-content\/uploads\/2022\/09\/WhatsApp-Image-2022-09-05-at-12.14.38-1-300x200.jpeg 300w, https:\/\/eldiariodesanpedro.com.ar\/sitio\/wp-content\/uploads\/2022\/09\/WhatsApp-Image-2022-09-05-at-12.14.38-1-768x511.jpeg 768w\" data-sizes=\"(max-width: 900px) 100vw, 900px\" src=\"data:image\/svg+xml;base64,PHN2ZyB3aWR0aD0iMSIgaGVpZ2h0PSIxIiB4bWxucz0iaHR0cDovL3d3dy53My5vcmcvMjAwMC9zdmciPjwvc3ZnPg==\" style=\"--smush-placeholder-width: 900px; --smush-placeholder-aspect-ratio: 900\/599;\" \/><\/figure>\n","protected":false},"excerpt":{"rendered":"<p>Este jueves 1 de septiembre en casa de gobierno de la provincia de Buenos Aires ubicada en la ciudad de La Plata, la Municipalidad de San Pedro, representada por el secretario de Desarrollo Econ\u00f3mico Mart\u00edn Baraybar, particip\u00f3 de una reuni\u00f3n con el Subsecretario de relaciones institucionales e internacionales Mario Oporto junto a los municipios de [&hellip;]<\/p>\n","protected":false},"author":4,"featured_media":110368,"comment_status":"closed","ping_status":"closed","sticky":false,"template":"","format":"standard","meta":{"om_disable_all_campaigns":false,"_jetpack_memberships_contains_paid_content":false,"footnotes":""},"categories":[50,101,2],"tags":[197,696,3014,33,19],"class_list":["post-110367","post","type-post","status-publish","format-standard","has-post-thumbnail","hentry","category-destacadas","category-interes-general-locales","category-locales","tag-buenos-aires","tag-interes-general","tag-la-municipalidad-participa-del-acuerdo-de-hermanamiento-entre-buenos-aires-y-sichuan","tag-locales","tag-san-pedro"],"aioseo_notices":[],"gutentor_comment":0,"jetpack_featured_media_url":"https:\/\/eldiariodesanpedro.com.ar\/sitio\/wp-content\/uploads\/2022\/09\/WhatsApp-Image-2022-09-05-at-12.14.37.jpeg","jetpack_shortlink":"https:\/\/wp.me\/p6RhLt-sI7","jetpack_sharing_enabled":true,"_links":{"self":[{"href":"https:\/\/eldiariodesanpedro.com.ar\/sitio\/wp-json\/wp\/v2\/posts\/110367","targetHints":{"allow":["GET"]}}],"collection":[{"href":"https:\/\/eldiariodesanpedro.com.ar\/sitio\/wp-json\/wp\/v2\/posts"}],"about":[{"href":"https:\/\/eldiariodesanpedro.com.ar\/sitio\/wp-json\/wp\/v2\/types\/post"}],"author":[{"embeddable":true,"href":"https:\/\/eldiariodesanpedro.com.ar\/sitio\/wp-json\/wp\/v2\/users\/4"}],"replies":[{"embeddable":true,"href":"https:\/\/eldiariodesanpedro.com.ar\/sitio\/wp-json\/wp\/v2\/comments?post=110367"}],"version-history":[{"count":1,"href":"https:\/\/eldiariodesanpedro.com.ar\/sitio\/wp-json\/wp\/v2\/posts\/110367\/revisions"}],"predecessor-version":[{"id":110371,"href":"https:\/\/eldiariodesanpedro.com.ar\/sitio\/wp-json\/wp\/v2\/posts\/110367\/revisions\/110371"}],"wp:featuredmedia":[{"embeddable":true,"href":"https:\/\/eldiariodesanpedro.com.ar\/sitio\/wp-json\/wp\/v2\/media\/110368"}],"wp:attachment":[{"href":"https:\/\/eldiariodesanpedro.com.ar\/sitio\/wp-json\/wp\/v2\/media?parent=110367"}],"wp:term":[{"taxonomy":"category","embeddable":true,"href":"https:\/\/eldiariodesanpedro.com.ar\/sitio\/wp-json\/wp\/v2\/categories?post=110367"},{"taxonomy":"post_tag","embeddable":true,"href":"https:\/\/eldiariodesanpedro.com.ar\/sitio\/wp-json\/wp\/v2\/tags?post=110367"}],"curies":[{"name":"wp","href":"https:\/\/api.w.org\/{rel}","templated":true}]}}