{"id":110365,"date":"2022-09-05T17:56:33","date_gmt":"2022-09-05T20:56:33","guid":{"rendered":"https:\/\/eldiariodesanpedro.com.ar\/sitio\/?p=110365"},"modified":"2022-09-05T17:56:35","modified_gmt":"2022-09-05T20:56:35","slug":"otorgaron-la-libertad-al-joven-que-colisiono-su-automovil-conta-el-boliche-lux","status":"publish","type":"post","link":"https:\/\/eldiariodesanpedro.com.ar\/sitio\/otorgaron-la-libertad-al-joven-que-colisiono-su-automovil-conta-el-boliche-lux\/","title":{"rendered":"Otorgaron la libertad al joven que colisiono su autom\u00f3vil conta el boliche Lux"},"content":{"rendered":"<!-- VideographyWP Plugin Message: Automatic video embedding prevented by plugin options. -->\n\n<p>La justicia fall\u00f3 a favor del conductor que choc\u00f3 el frente del boliche y recuper\u00f3 la libertad despu\u00e9s de que se dictara su detenci\u00f3n. El proceso contin\u00faa y el joven est\u00e1 imputado por \u00ablesiones graves\u00bb.<\/p>\n\n\n\n<p>Sobre el mediod\u00eda del lunes se conoci\u00f3 la resoluci\u00f3n del juzgado de garant\u00edas que resolvi\u00f3 hacer lugar al pedido del abogado defensor, Dr. Hugo Lima, y excarcel\u00f3 a Esteban Dami\u00e1n Reyes.<\/p>\n\n\n\n<p>El joven se encontraba detenido desde la semana pasada luego de que sea dado de alta en el hospital local imputado por \u00ablesiones leves\u00bb.<\/p>\n\n\n\n<p>Reyes afronta dos causas, una por haber chocado con su auto el frente del boliche Lux y atropellar al trabajador de seguridad Facundo Madariaga, y otra por lesiones leves y que tiene que ver con la golpiza que recibi\u00f3 antes y despu\u00e9s del choque, por parte del personal de seguridad del boliche.<\/p>\n\n\n\n<p>De todos modos, por este \u00faltimo incidente el Dr. Lima solicit\u00f3 que se le agregue la figura del robo ya que en el momento de las agresiones tambi\u00e9n le robaron sus pertenencias.<\/p>\n","protected":false},"excerpt":{"rendered":"<p>La justicia fall\u00f3 a favor del conductor que choc\u00f3 el frente del boliche y recuper\u00f3 la libertad despu\u00e9s de que se dictara su detenci\u00f3n. El proceso contin\u00faa y el joven est\u00e1 imputado por \u00ablesiones graves\u00bb. Sobre el mediod\u00eda del lunes se conoci\u00f3 la resoluci\u00f3n del juzgado de garant\u00edas que resolvi\u00f3 hacer lugar al pedido del [&hellip;]<\/p>\n","protected":false},"author":4,"featured_media":110302,"comment_status":"closed","ping_status":"closed","sticky":false,"template":"","format":"standard","meta":{"om_disable_all_campaigns":false,"_jetpack_memberships_contains_paid_content":false,"footnotes":""},"categories":[50,101,2],"tags":[197,696,33,19],"class_list":["post-110365","post","type-post","status-publish","format-standard","has-post-thumbnail","hentry","category-destacadas","category-interes-general-locales","category-locales","tag-buenos-aires","tag-interes-general","tag-locales","tag-san-pedro"],"aioseo_notices":[],"gutentor_comment":0,"jetpack_featured_media_url":"https:\/\/eldiariodesanpedro.com.ar\/sitio\/wp-content\/uploads\/2022\/09\/WhatsApp-Image-2022-09-01-at-15.12.46.jpeg","jetpack_shortlink":"https:\/\/wp.me\/p6RhLt-sI5","jetpack_sharing_enabled":true,"_links":{"self":[{"href":"https:\/\/eldiariodesanpedro.com.ar\/sitio\/wp-json\/wp\/v2\/posts\/110365","targetHints":{"allow":["GET"]}}],"collection":[{"href":"https:\/\/eldiariodesanpedro.com.ar\/sitio\/wp-json\/wp\/v2\/posts"}],"about":[{"href":"https:\/\/eldiariodesanpedro.com.ar\/sitio\/wp-json\/wp\/v2\/types\/post"}],"author":[{"embeddable":true,"href":"https:\/\/eldiariodesanpedro.com.ar\/sitio\/wp-json\/wp\/v2\/users\/4"}],"replies":[{"embeddable":true,"href":"https:\/\/eldiariodesanpedro.com.ar\/sitio\/wp-json\/wp\/v2\/comments?post=110365"}],"version-history":[{"count":1,"href":"https:\/\/eldiariodesanpedro.com.ar\/sitio\/wp-json\/wp\/v2\/posts\/110365\/revisions"}],"predecessor-version":[{"id":110366,"href":"https:\/\/eldiariodesanpedro.com.ar\/sitio\/wp-json\/wp\/v2\/posts\/110365\/revisions\/110366"}],"wp:featuredmedia":[{"embeddable":true,"href":"https:\/\/eldiariodesanpedro.com.ar\/sitio\/wp-json\/wp\/v2\/media\/110302"}],"wp:attachment":[{"href":"https:\/\/eldiariodesanpedro.com.ar\/sitio\/wp-json\/wp\/v2\/media?parent=110365"}],"wp:term":[{"taxonomy":"category","embeddable":true,"href":"https:\/\/eldiariodesanpedro.com.ar\/sitio\/wp-json\/wp\/v2\/categories?post=110365"},{"taxonomy":"post_tag","embeddable":true,"href":"https:\/\/eldiariodesanpedro.com.ar\/sitio\/wp-json\/wp\/v2\/tags?post=110365"}],"curies":[{"name":"wp","href":"https:\/\/api.w.org\/{rel}","templated":true}]}}