{"id":110362,"date":"2022-09-05T17:47:23","date_gmt":"2022-09-05T20:47:23","guid":{"rendered":"https:\/\/eldiariodesanpedro.com.ar\/sitio\/?p=110362"},"modified":"2022-09-05T17:47:24","modified_gmt":"2022-09-05T20:47:24","slug":"deteccion-de-perdidas-de-gas-natural-en-san-pedro","status":"publish","type":"post","link":"https:\/\/eldiariodesanpedro.com.ar\/sitio\/deteccion-de-perdidas-de-gas-natural-en-san-pedro\/","title":{"rendered":"Detecci\u00f3n de p\u00e9rdidas de gas natural en San Pedro"},"content":{"rendered":"<!-- VideographyWP Plugin Message: Automatic video embedding prevented by plugin options. -->\n\n<p>Litoral Gas se encuentra realizando la b\u00fasqueda sistem\u00e1tica de fugas anual en San Pedro con el objetivo de garantizar la seguridad de las personas, los bienes y el suministro de gas natural.<\/p>\n\n\n\n<p>Durante septiembre personal de Litoral Gas recorrer\u00e1 las veredas inspeccionando la red de media presi\u00f3n para localizar p\u00e9rdidas en la localidad de San Pedro. El procedimiento puede reprogramarse por cuestiones clim\u00e1ticas.<\/p>\n\n\n\n<p>Este relevamiento permite la detecci\u00f3n de fugas bajo vereda en las instalaciones que son propiedad de Litoral Gas, ca\u00f1er\u00edas principales y conexiones a cada domicilio. Tambi\u00e9n las que puedan localizarse dentro del gabinete sobre el frente de la vivienda -instalaciones de propiedad del cliente-.<\/p>\n\n\n\n<p>Se recomienda a quienes sean usuarios del servicio que realicen una revisi\u00f3n peri\u00f3dica de las instalaciones a trav\u00e9s de un gasista matriculado. Las p\u00e9rdidas detectadas en el gabinete podr\u00edan llevar, por seguridad de las personas, a la suspensi\u00f3n temporaria del suministro, que ser\u00e1 restituido por personal de Litoral Gas una vez se haya regularizado la situaci\u00f3n con la intervenci\u00f3n de un gasista matriculado.<\/p>\n\n\n\n<p>Por instrucci\u00f3n de la secci\u00f3n 723 de la Norma NAG 100 de Enargas, Litoral Gas debe recorrer con este procedimiento preventivo sus 13 mil kil\u00f3metros de redes y gasoductos una vez al a\u00f1o.<\/p>\n\n\n\n<p>Importante: el personal de Litoral Gas abocado al procedimiento de b\u00fasqueda sistem\u00e1tica de fugas notificar\u00e1 a quienes se les interrumpa el suministro, pero en ning\u00fan momento deber\u00e1 ingresar a los domicilios.<\/p>\n\n\n\n<p><\/p>\n","protected":false},"excerpt":{"rendered":"<p>Litoral Gas se encuentra realizando la b\u00fasqueda sistem\u00e1tica de fugas anual en San Pedro con el objetivo de garantizar la seguridad de las personas, los bienes y el suministro de gas natural. Durante septiembre personal de Litoral Gas recorrer\u00e1 las veredas inspeccionando la red de media presi\u00f3n para localizar p\u00e9rdidas en la localidad de San [&hellip;]<\/p>\n","protected":false},"author":4,"featured_media":110363,"comment_status":"closed","ping_status":"closed","sticky":false,"template":"","format":"standard","meta":{"om_disable_all_campaigns":false,"_jetpack_memberships_contains_paid_content":false,"footnotes":""},"categories":[50,101,2],"tags":[197,696,33,19],"class_list":["post-110362","post","type-post","status-publish","format-standard","has-post-thumbnail","hentry","category-destacadas","category-interes-general-locales","category-locales","tag-buenos-aires","tag-interes-general","tag-locales","tag-san-pedro"],"aioseo_notices":[],"gutentor_comment":0,"jetpack_featured_media_url":"https:\/\/eldiariodesanpedro.com.ar\/sitio\/wp-content\/uploads\/2022\/09\/medida.png","jetpack_shortlink":"https:\/\/wp.me\/p6RhLt-sI2","jetpack_sharing_enabled":true,"_links":{"self":[{"href":"https:\/\/eldiariodesanpedro.com.ar\/sitio\/wp-json\/wp\/v2\/posts\/110362","targetHints":{"allow":["GET"]}}],"collection":[{"href":"https:\/\/eldiariodesanpedro.com.ar\/sitio\/wp-json\/wp\/v2\/posts"}],"about":[{"href":"https:\/\/eldiariodesanpedro.com.ar\/sitio\/wp-json\/wp\/v2\/types\/post"}],"author":[{"embeddable":true,"href":"https:\/\/eldiariodesanpedro.com.ar\/sitio\/wp-json\/wp\/v2\/users\/4"}],"replies":[{"embeddable":true,"href":"https:\/\/eldiariodesanpedro.com.ar\/sitio\/wp-json\/wp\/v2\/comments?post=110362"}],"version-history":[{"count":1,"href":"https:\/\/eldiariodesanpedro.com.ar\/sitio\/wp-json\/wp\/v2\/posts\/110362\/revisions"}],"predecessor-version":[{"id":110364,"href":"https:\/\/eldiariodesanpedro.com.ar\/sitio\/wp-json\/wp\/v2\/posts\/110362\/revisions\/110364"}],"wp:featuredmedia":[{"embeddable":true,"href":"https:\/\/eldiariodesanpedro.com.ar\/sitio\/wp-json\/wp\/v2\/media\/110363"}],"wp:attachment":[{"href":"https:\/\/eldiariodesanpedro.com.ar\/sitio\/wp-json\/wp\/v2\/media?parent=110362"}],"wp:term":[{"taxonomy":"category","embeddable":true,"href":"https:\/\/eldiariodesanpedro.com.ar\/sitio\/wp-json\/wp\/v2\/categories?post=110362"},{"taxonomy":"post_tag","embeddable":true,"href":"https:\/\/eldiariodesanpedro.com.ar\/sitio\/wp-json\/wp\/v2\/tags?post=110362"}],"curies":[{"name":"wp","href":"https:\/\/api.w.org\/{rel}","templated":true}]}}