{"id":110360,"date":"2022-09-05T14:52:16","date_gmt":"2022-09-05T17:52:16","guid":{"rendered":"https:\/\/eldiariodesanpedro.com.ar\/sitio\/?p=110360"},"modified":"2022-09-05T14:52:17","modified_gmt":"2022-09-05T17:52:17","slug":"sin-novedades-de-la-camioneta-robada-en-el-centro","status":"publish","type":"post","link":"https:\/\/eldiariodesanpedro.com.ar\/sitio\/sin-novedades-de-la-camioneta-robada-en-el-centro\/","title":{"rendered":"Sin novedades de la camioneta robada en el centro"},"content":{"rendered":"<!-- VideographyWP Plugin Message: Automatic video embedding prevented by plugin options. -->\n\n<p>Fue sustra\u00edda el jueves y se pudo establecer que el rodado fue sacado de la ciudad. De todos modos aun no pudo ser ubicada.<\/p>\n\n\n\n<p>A tres d\u00edas de cometido el hecho muy poco se sabe de la camioneta Toyota Hillux sustra\u00edda el jueves pasado a la ma\u00f1ana en pleno centro de la ciudad.<\/p>\n\n\n\n<p>La investigaci\u00f3n est\u00e1 bien orientada pero hasta ahora no se ha podido saber cu\u00e1l fue el destino puntual del rodado.<\/p>\n\n\n\n<p>El hecho se produjo el jueves por la ma\u00f1ana, entre las 8 y las 9 horas, luego de que el propietario, un reconocido empresario sampedrino, la dejara estacionada en inmediaciones de Pellegrini y Tres de Febrero, y a las dos horas, cuando regres\u00f3 al lugar ya no estaba.<\/p>\n\n\n\n<p>Seg\u00fan los registros que se pudieron obtener la camioneta fue sustra\u00edda por al menos una persona que abord\u00f3 la misma y se fue sin que nadie advirtiera lo sucedido. Adem\u00e1s se pudo establecer que debido al tiempo transcurrido los delincuentes tuvieron el per\u00edodo necesario para transitar por distintas calles y sacar a la camioneta de la ciudad, que es realmente lo que sucedi\u00f3.<\/p>\n","protected":false},"excerpt":{"rendered":"<p>Fue sustra\u00edda el jueves y se pudo establecer que el rodado fue sacado de la ciudad. De todos modos aun no pudo ser ubicada. A tres d\u00edas de cometido el hecho muy poco se sabe de la camioneta Toyota Hillux sustra\u00edda el jueves pasado a la ma\u00f1ana en pleno centro de la ciudad. La investigaci\u00f3n [&hellip;]<\/p>\n","protected":false},"author":4,"featured_media":77860,"comment_status":"closed","ping_status":"closed","sticky":false,"template":"","format":"standard","meta":{"om_disable_all_campaigns":false,"_jetpack_memberships_contains_paid_content":false,"footnotes":""},"categories":[50,101,2],"tags":[197,33,95,19],"class_list":["post-110360","post","type-post","status-publish","format-standard","has-post-thumbnail","hentry","category-destacadas","category-interes-general-locales","category-locales","tag-buenos-aires","tag-locales","tag-policiales","tag-san-pedro"],"aioseo_notices":[],"gutentor_comment":0,"jetpack_featured_media_url":"https:\/\/eldiariodesanpedro.com.ar\/sitio\/wp-content\/uploads\/2020\/07\/000085506.jpg","jetpack_shortlink":"https:\/\/wp.me\/p6RhLt-sI0","jetpack_sharing_enabled":true,"_links":{"self":[{"href":"https:\/\/eldiariodesanpedro.com.ar\/sitio\/wp-json\/wp\/v2\/posts\/110360","targetHints":{"allow":["GET"]}}],"collection":[{"href":"https:\/\/eldiariodesanpedro.com.ar\/sitio\/wp-json\/wp\/v2\/posts"}],"about":[{"href":"https:\/\/eldiariodesanpedro.com.ar\/sitio\/wp-json\/wp\/v2\/types\/post"}],"author":[{"embeddable":true,"href":"https:\/\/eldiariodesanpedro.com.ar\/sitio\/wp-json\/wp\/v2\/users\/4"}],"replies":[{"embeddable":true,"href":"https:\/\/eldiariodesanpedro.com.ar\/sitio\/wp-json\/wp\/v2\/comments?post=110360"}],"version-history":[{"count":1,"href":"https:\/\/eldiariodesanpedro.com.ar\/sitio\/wp-json\/wp\/v2\/posts\/110360\/revisions"}],"predecessor-version":[{"id":110361,"href":"https:\/\/eldiariodesanpedro.com.ar\/sitio\/wp-json\/wp\/v2\/posts\/110360\/revisions\/110361"}],"wp:featuredmedia":[{"embeddable":true,"href":"https:\/\/eldiariodesanpedro.com.ar\/sitio\/wp-json\/wp\/v2\/media\/77860"}],"wp:attachment":[{"href":"https:\/\/eldiariodesanpedro.com.ar\/sitio\/wp-json\/wp\/v2\/media?parent=110360"}],"wp:term":[{"taxonomy":"category","embeddable":true,"href":"https:\/\/eldiariodesanpedro.com.ar\/sitio\/wp-json\/wp\/v2\/categories?post=110360"},{"taxonomy":"post_tag","embeddable":true,"href":"https:\/\/eldiariodesanpedro.com.ar\/sitio\/wp-json\/wp\/v2\/tags?post=110360"}],"curies":[{"name":"wp","href":"https:\/\/api.w.org\/{rel}","templated":true}]}}