{"id":110357,"date":"2022-09-05T14:44:20","date_gmt":"2022-09-05T17:44:20","guid":{"rendered":"https:\/\/eldiariodesanpedro.com.ar\/sitio\/?p=110357"},"modified":"2022-09-05T14:44:21","modified_gmt":"2022-09-05T17:44:21","slug":"falsa-noticia-desmienten-el-fallecimiento-del-ex-piloto-sergio-solmi","status":"publish","type":"post","link":"https:\/\/eldiariodesanpedro.com.ar\/sitio\/falsa-noticia-desmienten-el-fallecimiento-del-ex-piloto-sergio-solmi\/","title":{"rendered":"Falsa noticia: Desmienten el fallecimiento del ex piloto Sergio Solmi"},"content":{"rendered":"<!-- VideographyWP Plugin Message: Automatic video embedding prevented by plugin options. -->\n\n<p>Por medio de una cuenta de facebook falsa personas desconocidas difundieron el fallecimiento del querido y reconocido vecino Sergio Solmi. Fue su propia familia quien lo desminti\u00f3, \u00abal Mamut no le pas\u00f3 nada\u00bb.<\/p>\n\n\n\n<p>Sobre el atardecer del domingo comenz\u00f3 a circular una noticia que se\u00f1alaba el fallecimiento del empresario y ex piloto de automovilismo Sergio Solmi.<\/p>\n\n\n\n<p>Las primeras informaciones comenzaron a causar conmoci\u00f3n en la comunidad al tratarse de una persona querida y reconocida, adem\u00e1s de ser integrante de una tradicional familia sampedrina.<\/p>\n\n\n\n<p>Pero dur\u00f3 unos pocos minutos porque ni bien se supo de lo que estaba sucediendo fue la propia familia quien se encarg\u00f3 de desmentir lo que se estaba difundiendo a trav\u00e9s de las redes sociales y expresar que el ex campe\u00f3n de la F\u00f3rmula Renault Nacional estaba en perfectas condiciones.<\/p>\n\n\n\n<p>\u00abAl Mamut no le pas\u00f3 nada de nada\u00bb, dijo Junior, el hijo de Sergio Solmi en su cuenta de facebook mientras disputaba una nueva fecha del automovilismo zonal.<\/p>\n\n\n\n<p>Sobre los autores de la publicaci\u00f3n se desconoce la intenci\u00f3n pero s\u00ed se estableci\u00f3 que se trataba de una cuenta trucha y creada hace pocos d\u00edas.<\/p>\n","protected":false},"excerpt":{"rendered":"<p>Por medio de una cuenta de facebook falsa personas desconocidas difundieron el fallecimiento del querido y reconocido vecino Sergio Solmi. Fue su propia familia quien lo desminti\u00f3, \u00abal Mamut no le pas\u00f3 nada\u00bb. Sobre el atardecer del domingo comenz\u00f3 a circular una noticia que se\u00f1alaba el fallecimiento del empresario y ex piloto de automovilismo Sergio [&hellip;]<\/p>\n","protected":false},"author":4,"featured_media":110358,"comment_status":"closed","ping_status":"closed","sticky":false,"template":"","format":"standard","meta":{"om_disable_all_campaigns":false,"_jetpack_memberships_contains_paid_content":false,"footnotes":""},"categories":[101,2],"tags":[197,696,33,19],"class_list":["post-110357","post","type-post","status-publish","format-standard","has-post-thumbnail","hentry","category-interes-general-locales","category-locales","tag-buenos-aires","tag-interes-general","tag-locales","tag-san-pedro"],"aioseo_notices":[],"gutentor_comment":0,"jetpack_featured_media_url":"https:\/\/eldiariodesanpedro.com.ar\/sitio\/wp-content\/uploads\/2022\/09\/0000021201-resized-1920x1080-1.jpg","jetpack_shortlink":"https:\/\/wp.me\/p6RhLt-sHX","jetpack_sharing_enabled":true,"_links":{"self":[{"href":"https:\/\/eldiariodesanpedro.com.ar\/sitio\/wp-json\/wp\/v2\/posts\/110357","targetHints":{"allow":["GET"]}}],"collection":[{"href":"https:\/\/eldiariodesanpedro.com.ar\/sitio\/wp-json\/wp\/v2\/posts"}],"about":[{"href":"https:\/\/eldiariodesanpedro.com.ar\/sitio\/wp-json\/wp\/v2\/types\/post"}],"author":[{"embeddable":true,"href":"https:\/\/eldiariodesanpedro.com.ar\/sitio\/wp-json\/wp\/v2\/users\/4"}],"replies":[{"embeddable":true,"href":"https:\/\/eldiariodesanpedro.com.ar\/sitio\/wp-json\/wp\/v2\/comments?post=110357"}],"version-history":[{"count":1,"href":"https:\/\/eldiariodesanpedro.com.ar\/sitio\/wp-json\/wp\/v2\/posts\/110357\/revisions"}],"predecessor-version":[{"id":110359,"href":"https:\/\/eldiariodesanpedro.com.ar\/sitio\/wp-json\/wp\/v2\/posts\/110357\/revisions\/110359"}],"wp:featuredmedia":[{"embeddable":true,"href":"https:\/\/eldiariodesanpedro.com.ar\/sitio\/wp-json\/wp\/v2\/media\/110358"}],"wp:attachment":[{"href":"https:\/\/eldiariodesanpedro.com.ar\/sitio\/wp-json\/wp\/v2\/media?parent=110357"}],"wp:term":[{"taxonomy":"category","embeddable":true,"href":"https:\/\/eldiariodesanpedro.com.ar\/sitio\/wp-json\/wp\/v2\/categories?post=110357"},{"taxonomy":"post_tag","embeddable":true,"href":"https:\/\/eldiariodesanpedro.com.ar\/sitio\/wp-json\/wp\/v2\/tags?post=110357"}],"curies":[{"name":"wp","href":"https:\/\/api.w.org\/{rel}","templated":true}]}}