{"id":110354,"date":"2022-09-05T14:31:06","date_gmt":"2022-09-05T17:31:06","guid":{"rendered":"https:\/\/eldiariodesanpedro.com.ar\/sitio\/?p=110354"},"modified":"2022-09-05T14:31:07","modified_gmt":"2022-09-05T17:31:07","slug":"futbol-violento-una-nina-de-8-anos-resulto-herida-de-un-piedrazo-en-rio-tala","status":"publish","type":"post","link":"https:\/\/eldiariodesanpedro.com.ar\/sitio\/futbol-violento-una-nina-de-8-anos-resulto-herida-de-un-piedrazo-en-rio-tala\/","title":{"rendered":"F\u00fatbol violento: Una ni\u00f1a de 8 a\u00f1os result\u00f3 herida de un piedrazo en R\u00edo Tala"},"content":{"rendered":"<!-- VideographyWP Plugin Message: Automatic video embedding prevented by plugin options. -->\n\n<p>El grave episodio aconteci\u00f3 mientras jugaban Las Palmeras y Am\u00e9rica, y el agresor integrar\u00eda el cuerpo t\u00e9cnico del club local. En la fecha anterior, en esa misma cancha golpearon a un \u00e1rbitro<\/p>\n\n\n\n<p>Un incidente de proporciones y que no guarda antecedentes se registr\u00f3 en la tarde del s\u00e1bado en la cancha de Las Palmeras, d\u00f3nde jugaban el local y Sportivo Am\u00e9rica.<\/p>\n\n\n\n<p>Lo grave de lo sucedido es que una ni\u00f1a de tan solo 8 a\u00f1os oriunda de Rio Tala y que se encontraba entre el p\u00fablico fue herida de un piedrazo en la cabeza.<\/p>\n\n\n\n<p>Peor es todo a\u00fan al establecerse que el agresor ser\u00eda un integrante del cuerpo t\u00e9cnico de Las Palmeras quien tuvo la desagradable intenci\u00f3n de responder las agresiones arrojando piedras contra quienes hab\u00edan iniciado el incidente y sin tomar dimensiones de lo que estaba provocando.<\/p>\n\n\n\n<p>La ni\u00f1a fue asistida de inmediato y en el hospital local tras evaluarla y realizar los estudios correspondientes se le diagnosticaron lesiones leves y sobre el atardecer fue dada de alta.<\/p>\n\n\n\n<p>La familia de la menor herida realiz\u00f3 la renuncia correspondiente y se eval\u00faan los pasos a seguir.<\/p>\n\n\n\n<p>Todo sucede dentro de un marco de intolerancia que se percibe en el f\u00fatbol local y donde las sanciones por parte del Aprevide siguen siendo insignificantes ante el tama\u00f1o de lo sucedido, creyendo que con impedir el ingreso del p\u00fablico visitante se solucionar\u00e1 todo sin medir que as\u00ed perjudican a todos cuando en realidad son unos pocos los que protagonizan los incidentes.<\/p>\n\n\n\n<p>Fuente: San Pedro Informa<\/p>\n","protected":false},"excerpt":{"rendered":"<p>El grave episodio aconteci\u00f3 mientras jugaban Las Palmeras y Am\u00e9rica, y el agresor integrar\u00eda el cuerpo t\u00e9cnico del club local. En la fecha anterior, en esa misma cancha golpearon a un \u00e1rbitro Un incidente de proporciones y que no guarda antecedentes se registr\u00f3 en la tarde del s\u00e1bado en la cancha de Las Palmeras, d\u00f3nde [&hellip;]<\/p>\n","protected":false},"author":4,"featured_media":110355,"comment_status":"closed","ping_status":"closed","sticky":false,"template":"","format":"standard","meta":{"om_disable_all_campaigns":false,"_jetpack_memberships_contains_paid_content":false,"footnotes":""},"categories":[50,101,2],"tags":[197,696,33,19],"class_list":["post-110354","post","type-post","status-publish","format-standard","has-post-thumbnail","hentry","category-destacadas","category-interes-general-locales","category-locales","tag-buenos-aires","tag-interes-general","tag-locales","tag-san-pedro"],"aioseo_notices":[],"gutentor_comment":0,"jetpack_featured_media_url":"https:\/\/eldiariodesanpedro.com.ar\/sitio\/wp-content\/uploads\/2022\/09\/0000021196-resized-1920x1080-1.jpg","jetpack_shortlink":"https:\/\/wp.me\/p6RhLt-sHU","jetpack_sharing_enabled":true,"_links":{"self":[{"href":"https:\/\/eldiariodesanpedro.com.ar\/sitio\/wp-json\/wp\/v2\/posts\/110354","targetHints":{"allow":["GET"]}}],"collection":[{"href":"https:\/\/eldiariodesanpedro.com.ar\/sitio\/wp-json\/wp\/v2\/posts"}],"about":[{"href":"https:\/\/eldiariodesanpedro.com.ar\/sitio\/wp-json\/wp\/v2\/types\/post"}],"author":[{"embeddable":true,"href":"https:\/\/eldiariodesanpedro.com.ar\/sitio\/wp-json\/wp\/v2\/users\/4"}],"replies":[{"embeddable":true,"href":"https:\/\/eldiariodesanpedro.com.ar\/sitio\/wp-json\/wp\/v2\/comments?post=110354"}],"version-history":[{"count":1,"href":"https:\/\/eldiariodesanpedro.com.ar\/sitio\/wp-json\/wp\/v2\/posts\/110354\/revisions"}],"predecessor-version":[{"id":110356,"href":"https:\/\/eldiariodesanpedro.com.ar\/sitio\/wp-json\/wp\/v2\/posts\/110354\/revisions\/110356"}],"wp:featuredmedia":[{"embeddable":true,"href":"https:\/\/eldiariodesanpedro.com.ar\/sitio\/wp-json\/wp\/v2\/media\/110355"}],"wp:attachment":[{"href":"https:\/\/eldiariodesanpedro.com.ar\/sitio\/wp-json\/wp\/v2\/media?parent=110354"}],"wp:term":[{"taxonomy":"category","embeddable":true,"href":"https:\/\/eldiariodesanpedro.com.ar\/sitio\/wp-json\/wp\/v2\/categories?post=110354"},{"taxonomy":"post_tag","embeddable":true,"href":"https:\/\/eldiariodesanpedro.com.ar\/sitio\/wp-json\/wp\/v2\/tags?post=110354"}],"curies":[{"name":"wp","href":"https:\/\/api.w.org\/{rel}","templated":true}]}}