{"id":110351,"date":"2022-09-05T14:03:38","date_gmt":"2022-09-05T17:03:38","guid":{"rendered":"https:\/\/eldiariodesanpedro.com.ar\/sitio\/?p=110351"},"modified":"2022-09-05T14:03:39","modified_gmt":"2022-09-05T17:03:39","slug":"incendio-en-las-islas-culmino-el-operativo-que-hacia-base-en-san-pedro","status":"publish","type":"post","link":"https:\/\/eldiariodesanpedro.com.ar\/sitio\/incendio-en-las-islas-culmino-el-operativo-que-hacia-base-en-san-pedro\/","title":{"rendered":"Incendio en las islas: Culmin\u00f3 el operativo que hac\u00eda base en San Pedro"},"content":{"rendered":"<!-- VideographyWP Plugin Message: Automatic video embedding prevented by plugin options. -->\n\n<p>As\u00ed lo dieron a conocer las autoridades. La tareas principales se realizar\u00e1n desde la ciudad de Alvear, Santa F\u00e9, mientras que desde nuestra ciudad se realizar\u00e1n tareas de monitoreo.<\/p>\n\n\n\n<p>Despu\u00e9s de 32 d\u00edas se dio por terminado este domingo el operativo que a trav\u00e9s del Plan de Manejo del Fuego se realiz\u00f3 en el Aeroclub San Pedro con el objetivo de combatir el fuego que se origin\u00f3 en el sector de islas.<\/p>\n\n\n\n<p>Mediante un comunicado se explic\u00f3 que los brigadistas regresaron a sus destinos originales y que las tareas operativas se realizar\u00e1n desde otra base.<\/p>\n\n\n\n<p>\u00abEstimados, est\u00e1 culminando la tarea de repliegue del personal. Se informa que se DA X CULMINADA LA TAREA con base en San Pedro luego de 32 d\u00edas de trabajos consecutivos. Quedar\u00e1 activa la base de la ciudad de Alvear (Santa&nbsp;Fe), x los pr\u00f3ximos 20 d\u00edas con efectivos de la armada y polic\u00eda de Entre R\u00edos. Dentro de las tareas diarias, se efectuar\u00e1 monitoreo x GPS y a\u00e9reo de observaci\u00f3n de la zona frente a San Pedro, jurisdicci\u00f3n, Entre R\u00edos. El Personal comenzar\u00e1 a volver a sus destinos entre la noche de hoy y ma\u00f1ana a la ma\u00f1ana. El Sr. Intendente se hizo presente para el cierre y sobrevol\u00f3 la zona recibiendo el informe de cierre por parte de uno de los responsables del operativo\u00bb, expres\u00f3 Fabio Giovanettoni, Director de Defensa Civil San Pedro.<\/p>\n","protected":false},"excerpt":{"rendered":"<p>As\u00ed lo dieron a conocer las autoridades. La tareas principales se realizar\u00e1n desde la ciudad de Alvear, Santa F\u00e9, mientras que desde nuestra ciudad se realizar\u00e1n tareas de monitoreo. Despu\u00e9s de 32 d\u00edas se dio por terminado este domingo el operativo que a trav\u00e9s del Plan de Manejo del Fuego se realiz\u00f3 en el Aeroclub [&hellip;]<\/p>\n","protected":false},"author":4,"featured_media":110352,"comment_status":"closed","ping_status":"closed","sticky":false,"template":"","format":"standard","meta":{"om_disable_all_campaigns":false,"_jetpack_memberships_contains_paid_content":false,"footnotes":""},"categories":[50,101,2],"tags":[197,696,33,19],"class_list":["post-110351","post","type-post","status-publish","format-standard","has-post-thumbnail","hentry","category-destacadas","category-interes-general-locales","category-locales","tag-buenos-aires","tag-interes-general","tag-locales","tag-san-pedro"],"aioseo_notices":[],"gutentor_comment":0,"jetpack_featured_media_url":"https:\/\/eldiariodesanpedro.com.ar\/sitio\/wp-content\/uploads\/2022\/09\/0000021200-resized-1920x1080-1.jpg","jetpack_shortlink":"https:\/\/wp.me\/p6RhLt-sHR","jetpack_sharing_enabled":true,"_links":{"self":[{"href":"https:\/\/eldiariodesanpedro.com.ar\/sitio\/wp-json\/wp\/v2\/posts\/110351","targetHints":{"allow":["GET"]}}],"collection":[{"href":"https:\/\/eldiariodesanpedro.com.ar\/sitio\/wp-json\/wp\/v2\/posts"}],"about":[{"href":"https:\/\/eldiariodesanpedro.com.ar\/sitio\/wp-json\/wp\/v2\/types\/post"}],"author":[{"embeddable":true,"href":"https:\/\/eldiariodesanpedro.com.ar\/sitio\/wp-json\/wp\/v2\/users\/4"}],"replies":[{"embeddable":true,"href":"https:\/\/eldiariodesanpedro.com.ar\/sitio\/wp-json\/wp\/v2\/comments?post=110351"}],"version-history":[{"count":1,"href":"https:\/\/eldiariodesanpedro.com.ar\/sitio\/wp-json\/wp\/v2\/posts\/110351\/revisions"}],"predecessor-version":[{"id":110353,"href":"https:\/\/eldiariodesanpedro.com.ar\/sitio\/wp-json\/wp\/v2\/posts\/110351\/revisions\/110353"}],"wp:featuredmedia":[{"embeddable":true,"href":"https:\/\/eldiariodesanpedro.com.ar\/sitio\/wp-json\/wp\/v2\/media\/110352"}],"wp:attachment":[{"href":"https:\/\/eldiariodesanpedro.com.ar\/sitio\/wp-json\/wp\/v2\/media?parent=110351"}],"wp:term":[{"taxonomy":"category","embeddable":true,"href":"https:\/\/eldiariodesanpedro.com.ar\/sitio\/wp-json\/wp\/v2\/categories?post=110351"},{"taxonomy":"post_tag","embeddable":true,"href":"https:\/\/eldiariodesanpedro.com.ar\/sitio\/wp-json\/wp\/v2\/tags?post=110351"}],"curies":[{"name":"wp","href":"https:\/\/api.w.org\/{rel}","templated":true}]}}