{"id":110341,"date":"2022-09-05T11:44:48","date_gmt":"2022-09-05T14:44:48","guid":{"rendered":"https:\/\/eldiariodesanpedro.com.ar\/sitio\/?p=110341"},"modified":"2022-09-05T11:44:49","modified_gmt":"2022-09-05T14:44:49","slug":"cuenta-regresiva-para-el-festival-de-musica-country-de-san-pedro-mira-la-grilla-de-espectaculos","status":"publish","type":"post","link":"https:\/\/eldiariodesanpedro.com.ar\/sitio\/cuenta-regresiva-para-el-festival-de-musica-country-de-san-pedro-mira-la-grilla-de-espectaculos\/","title":{"rendered":"Cuenta regresiva para el festival de m\u00fasica country de San Pedro: mir\u00e1 la grilla de espect\u00e1culos"},"content":{"rendered":"<!-- VideographyWP Plugin Message: Automatic video embedding prevented by plugin options. -->\n\n<p>Con entrada gratuita, el popular festival de m\u00fasica country de San Pedro se llevar\u00e1 a cabo del 23 al 25 de septiembre en el Paseo Municipal.<\/p>\n\n\n\n<p>Como ocurre desde el 2003,\u00a0<strong>el \u00faltimo fin de semana del noveno mes del a\u00f1o se llevar\u00e1 a cabo el San Pedro Country Music Festival<\/strong>, con entrada gratuita y m\u00e1s de 60 espect\u00e1culos en vivo.<\/p>\n\n\n\n<iframe data-src=\"https:\/\/www.facebook.com\/plugins\/video.php?height=314&#038;href=https%3A%2F%2Fwww.facebook.com%2Fdiariosp2%2Fvideos%2F819518905708157%2F&#038;show_text=false&#038;width=560&#038;t=0\" width=\"560\" height=\"314\" style=\"border:none;overflow:hidden\" scrolling=\"no\" frameborder=\"0\" allowfullscreen=\"true\" allow=\"autoplay; clipboard-write; encrypted-media; picture-in-picture; web-share\" allowFullScreen=\"true\" src=\"data:image\/svg+xml;base64,PHN2ZyB3aWR0aD0iMSIgaGVpZ2h0PSIxIiB4bWxucz0iaHR0cDovL3d3dy53My5vcmcvMjAwMC9zdmciPjwvc3ZnPg==\" class=\"lazyload\" data-load-mode=\"1\"><\/iframe>\n\n\n\n<p>Seg\u00fan informaron los organizadores en su p\u00e1gina web, la 17 \u00b0 edici\u00f3n del popular evento bonaerense tendr\u00e1 lugar los d\u00edas<strong>\u00a023, 24 y 25 de septiembre<\/strong>\u00a0de 2022 en el Paseo P\u00fablico Municipal.<\/p>\n\n\n\n<p>Adem\u00e1s de los conciertos, el domingo 25 desde las 10:00 tendr\u00e1 lugar el encuentro \u00abAll Together\u00bb, donde m\u00e1s de una veintena de escuelas de baile y m\u00e1s de mil linedancers de distintos puntos de Argentina compartir\u00e1n una coreograf\u00eda en conjunto en la Avenida Costanera.<\/p>\n\n\n\n<p>Declarado de Inter\u00e9s Municipal por el gobierno de la&nbsp;<a href=\"https:\/\/infocielo.com\/san-pedro\/ensaimada-la-receta-mallorqui-que-se-acriollo-san-pedro-orillas-del-parana-n740018\" target=\"_blank\" rel=\"noreferrer noopener\">capital nacional de la ensaimada<\/a>&nbsp;y auspiciado por la Embajada de Estados Unidos en Argentina, el festival oficia como punto de encuentro de apasionados por este estilo musical anualmente.<\/p>\n\n\n\n<p>Adem\u00e1s, es un momento clave para la industria hotelera del municipio. Seg\u00fan pudo saber Infocielo, muchos de los hospedajes de la zona ya se encuentran ocupados para esa fecha y los precios promedian los 45.000 pesos las dos noches para dos personas.<\/p>\n\n\n\n<h2 class=\"wp-block-heading\">El cronograma<\/h2>\n\n\n\n<p><strong>Viernes 23 de septiembre \u2013 14:00<\/strong><\/p>\n\n\n\n<p>Rockabilly Tr\u00edo \u2013 Los Revival \u2013 La Blue\u2019s Ayres Band \u2013 Covernautas \u2013 Leyendas \u2013 Hot Picking Brothers \u2013 Cincinato \u2013 Lady Who \u2013 Carlos Arcuri &amp; The Dusty Devils \u2013 Las Mulas \u2013 Soultouch \u2013 Syncerus \u2013 D\u2019vintash \u2013 The Greens &amp; Luc\u00eda Vazquez, Deep South Country Music \u2013 Valentina Burgue\u00f1o &amp; Sof\u00eda Corbal\u00e1n \u2013 Gus Di Bella &amp; Joshua 3 + Tanna Ramponi \u2013 Angry Zeta \u2013 Three of a Kind (Chile -Argentina) \u2013 Pelvis.<\/p>\n\n\n\n<p><strong>S\u00e1bado 24 de septiembre \u2013 11:00<\/strong><\/p>\n\n\n\n<p>R.J. Gauna One Man Band \u2013 Howard &amp; The Lone Gunmen \u2013 The Dapper Dan Band \u2013 Brene Country &amp; Folk \u2013 Marcos Ferragut y los Mother Fuckers \u2013 Mariano Villano \u2013 Gabriel Gratzer \u2013 Johnny &amp; June (Tributo a Cash) \u2013 Frank Jacket y los de R\u00edo Seco (Chile) \u2013 King Bee \u2013 Flying Carpets \u2013 Charlie Callthrop &amp; Rock Idols \u2013 Fer Couto\u2019s Wandering Souls \u2013 Henry Donati \u2013 Maverick Country Band \u2013 No Bull \u2013 Melody&amp; Co. \u2013 MAX &amp; Line Dance Club \u2013 Fernando Goin \u2013 Johnny Tedesco \u2013 Mack Stevens and The Groove Boys (USA) \u2013 Far West 100% Creedence \u2013 Tennessee Country.<\/p>\n\n\n\n<p><strong>Domingo 25 de septiembre \u2013 10:00<\/strong><\/p>\n\n\n\n<p>All Together 2 (Encuentro de Line Dance en Avenida Costanera) \u2013 Cherry Collins \u00abOrbisongs\u00bb \u2013 Mr. Kite (Tributo Beatles) \u2013 Proyecto Country \u2013 Cosmof\u00e1bfica \u2013 Estaci\u00f3n 39 \u2013 Fogerteam \u2013 Bronco \u2013 Orlando Curti &amp; The Groove Seekers \u2013 Naty Bravo \u2013 La Rockabilera del Sur \u2013 The Smoke Sellers (Uruguay) \u2013 SanFolk \u2013 Los Hijos de Dylan \u2013 Billy La Rocka \u2013 Country Gru\u00f1\u00f3n \u2013 Adrian Tigen \u2013 The Rey Band \u2013 Wanted Country Music \u2013 Countruck (Brasil).<\/p>\n\n\n\n<p><a href=\"https:\/\/media.infocielo.com\/p\/c9b3014312043aea1a74f7229e2f5e53\/adjuntos\/299\/imagenes\/001\/493\/0001493212\/887x0\/smart\/festival-musica-country-san-pedro-2jpg.jpg\"><\/a><\/p>\n","protected":false},"excerpt":{"rendered":"<p>Con entrada gratuita, el popular festival de m\u00fasica country de San Pedro se llevar\u00e1 a cabo del 23 al 25 de septiembre en el Paseo Municipal. Como ocurre desde el 2003,\u00a0el \u00faltimo fin de semana del noveno mes del a\u00f1o se llevar\u00e1 a cabo el San Pedro Country Music Festival, con entrada gratuita y m\u00e1s [&hellip;]<\/p>\n","protected":false},"author":4,"featured_media":30048,"comment_status":"closed","ping_status":"closed","sticky":false,"template":"","format":"standard","meta":{"om_disable_all_campaigns":false,"_jetpack_memberships_contains_paid_content":false,"footnotes":""},"categories":[50,101,2],"tags":[197,696,33,19],"class_list":["post-110341","post","type-post","status-publish","format-standard","has-post-thumbnail","hentry","category-destacadas","category-interes-general-locales","category-locales","tag-buenos-aires","tag-interes-general","tag-locales","tag-san-pedro"],"aioseo_notices":[],"gutentor_comment":0,"jetpack_featured_media_url":"https:\/\/eldiariodesanpedro.com.ar\/sitio\/wp-content\/uploads\/2018\/03\/Country.jpg","jetpack_shortlink":"https:\/\/wp.me\/p6RhLt-sHH","jetpack_sharing_enabled":true,"_links":{"self":[{"href":"https:\/\/eldiariodesanpedro.com.ar\/sitio\/wp-json\/wp\/v2\/posts\/110341","targetHints":{"allow":["GET"]}}],"collection":[{"href":"https:\/\/eldiariodesanpedro.com.ar\/sitio\/wp-json\/wp\/v2\/posts"}],"about":[{"href":"https:\/\/eldiariodesanpedro.com.ar\/sitio\/wp-json\/wp\/v2\/types\/post"}],"author":[{"embeddable":true,"href":"https:\/\/eldiariodesanpedro.com.ar\/sitio\/wp-json\/wp\/v2\/users\/4"}],"replies":[{"embeddable":true,"href":"https:\/\/eldiariodesanpedro.com.ar\/sitio\/wp-json\/wp\/v2\/comments?post=110341"}],"version-history":[{"count":1,"href":"https:\/\/eldiariodesanpedro.com.ar\/sitio\/wp-json\/wp\/v2\/posts\/110341\/revisions"}],"predecessor-version":[{"id":110342,"href":"https:\/\/eldiariodesanpedro.com.ar\/sitio\/wp-json\/wp\/v2\/posts\/110341\/revisions\/110342"}],"wp:featuredmedia":[{"embeddable":true,"href":"https:\/\/eldiariodesanpedro.com.ar\/sitio\/wp-json\/wp\/v2\/media\/30048"}],"wp:attachment":[{"href":"https:\/\/eldiariodesanpedro.com.ar\/sitio\/wp-json\/wp\/v2\/media?parent=110341"}],"wp:term":[{"taxonomy":"category","embeddable":true,"href":"https:\/\/eldiariodesanpedro.com.ar\/sitio\/wp-json\/wp\/v2\/categories?post=110341"},{"taxonomy":"post_tag","embeddable":true,"href":"https:\/\/eldiariodesanpedro.com.ar\/sitio\/wp-json\/wp\/v2\/tags?post=110341"}],"curies":[{"name":"wp","href":"https:\/\/api.w.org\/{rel}","templated":true}]}}