{"id":110339,"date":"2022-09-05T11:18:26","date_gmt":"2022-09-05T14:18:26","guid":{"rendered":"https:\/\/eldiariodesanpedro.com.ar\/sitio\/?p=110339"},"modified":"2022-09-05T11:18:27","modified_gmt":"2022-09-05T14:18:27","slug":"anses-quienes-cobran-hoy-5-de-septiembre-jubilaciones-auh-suaf-aue","status":"publish","type":"post","link":"https:\/\/eldiariodesanpedro.com.ar\/sitio\/anses-quienes-cobran-hoy-5-de-septiembre-jubilaciones-auh-suaf-aue\/","title":{"rendered":"ANSES: qui\u00e9nes cobran hoy, 5 de septiembre, jubilaciones, AUH, SUAF, AUE"},"content":{"rendered":"<!-- VideographyWP Plugin Message: Automatic video embedding prevented by plugin options. -->\n\n<p>Comienza el calendario de pagos de ANSES correspondiente a este mes. Mir\u00e1 qui\u00e9nes cobran este lunes 5 de septiembre.<\/p>\n\n\n\n<p>La\u00a0<strong>Administraci\u00f3n Nacional de la Seguridad Social (ANSES)<\/strong>\u00a0comienza con su\u00a0calendario de pagos\u00a0correspondientes al mes de\u00a0septiembre de 2022. En el mismo, constan las fechas de cobro de\u00a0jubilaciones, pensiones, Asignaci\u00f3n Universal por Hijo (AUH), Asignaci\u00f3n Universal por Embarazo, Asignaciones Familiares, Pensiones No Contributivas y Programa d Desempleo 1, 2 y 3, entre otros beneficios del organismo previsional.<\/p>\n\n\n\n<h2 class=\"wp-block-heading\">\u00bfQui\u00e9nes cobran en ANSES este lunes 5 de septiembre?<\/h2>\n\n\n\n<p>Este d\u00eda h\u00e1bil de septiembre cobran los\u00a0<strong>beneficiarios y beneficiarias de Pensiones No Contributivas (PNC); Asignaciones Familiares de PNC; y Asignaciones de pago \u00fanico<\/strong>. Se trata del pago del haber correspondiente al mes en curso.<\/p>\n\n\n\n<h2 class=\"wp-block-heading\">Calendario de pagos ANSES: Pensiones No Contributivas (PNC)<\/h2>\n\n\n\n<ul class=\"wp-block-list\"><li><strong>DNI terminados en 4 y 5: lunes 5 de septiembre.<\/strong><\/li><li>DNI terminados en 6 y 7: martes 6 de septiembre.<\/li><li>DNI terminados en 8 y 9: mi\u00e9rcoles 7 de septiembre.<\/li><\/ul>\n\n\n\n<h2 class=\"wp-block-heading\">Calendario de pagos ANSES: Asignaciones Familiares de PNC<\/h2>\n\n\n\n<ul class=\"wp-block-list\"><li>Todas las terminaciones del DNI cobrar\u00e1n&nbsp;<strong>desde el 8 de agosto al 12 de septiembre.<\/strong><\/li><\/ul>\n\n\n\n<h2 class=\"wp-block-heading\">ANSES: Calendario de cobro de las Asignaciones de pago \u00fanico<\/h2>\n\n\n\n<p>Las asignaciones de pago \u00fanico tiene tres canales: matrimonio, adopci\u00f3n y nacimiento. Los beneficiarios con todas las terminaciones del DNI podr\u00e1n cobrarlo en la siguiente fecha:<\/p>\n\n\n\n<ul class=\"wp-block-list\"><li><strong>Primera quincena: 5 de septiembre al 12 de octubre.<\/strong><\/li><li>Segunda Quincena: 21 de septiembre al 12 de octubre.<\/li><\/ul>\n\n\n\n<p>La Administraci\u00f3n Nacional de la Seguridad Social (ANSES) record\u00f3 que, si bien no tienen que solicitar turno para cobrar este beneficio, deben acercarse a la entidad bancaria \u00fanicamente en la fecha asignada.<\/p>\n\n\n\n<p>El resto de las prestaciones comenzar\u00e1 su calendario de pagos en los pr\u00f3ximos d\u00edas.<\/p>\n\n\n\n<p>CONSULT\u00c1 EL CALENDARIO DE PAGOS DE SEPTIEMBRE.<\/p>\n\n\n\n<h2 class=\"wp-block-heading\">Anses: ya pod\u00e9s consultar el calendario de pagos de septiembre<\/h2>\n\n\n\n<p>La Administraci\u00f3n Nacional de la Seguridad Social (ANSES) confirm\u00f3 el calendario de pagos correspondiente al mes de septiembre de 2022. Hace unas semanas el Gobierno Nacional inform\u00f3 un<strong>&nbsp;aumento por movilidad del 15,53% para beneficiarios y beneficiarias del organismo&nbsp;<\/strong>que alcanzar\u00e1 a m\u00e1s de 16 millones de ciudadanos.<\/p>\n\n\n\n<p>Asimismo, se entregar\u00e1 un bono de 7 mil pesos a jubilados y jubiladas del ANSES. Conoc\u00e9 los montos y fechas\u00a0en esta nota.<\/p>\n\n\n\n<p><a href=\"https:\/\/media.infocielo.com\/p\/06601764b25d1e64122dde49713cd365\/adjuntos\/299\/imagenes\/001\/490\/0001490527\/887x0\/smart\/anses-oficina-atencion-trabajadoresjpg.jpg\"><\/a><\/p>\n","protected":false},"excerpt":{"rendered":"<p>Comienza el calendario de pagos de ANSES correspondiente a este mes. Mir\u00e1 qui\u00e9nes cobran este lunes 5 de septiembre. La\u00a0Administraci\u00f3n Nacional de la Seguridad Social (ANSES)\u00a0comienza con su\u00a0calendario de pagos\u00a0correspondientes al mes de\u00a0septiembre de 2022. En el mismo, constan las fechas de cobro de\u00a0jubilaciones, pensiones, Asignaci\u00f3n Universal por Hijo (AUH), Asignaci\u00f3n Universal por Embarazo, Asignaciones [&hellip;]<\/p>\n","protected":false},"author":4,"featured_media":97782,"comment_status":"closed","ping_status":"closed","sticky":false,"template":"","format":"standard","meta":{"om_disable_all_campaigns":false,"_jetpack_memberships_contains_paid_content":false,"footnotes":""},"categories":[50,101,2],"tags":[197,696,33,19],"class_list":["post-110339","post","type-post","status-publish","format-standard","has-post-thumbnail","hentry","category-destacadas","category-interes-general-locales","category-locales","tag-buenos-aires","tag-interes-general","tag-locales","tag-san-pedro"],"aioseo_notices":[],"gutentor_comment":0,"jetpack_featured_media_url":"https:\/\/eldiariodesanpedro.com.ar\/sitio\/wp-content\/uploads\/2021\/08\/anses-nuevo-640x480-1.png","jetpack_shortlink":"https:\/\/wp.me\/p6RhLt-sHF","jetpack_sharing_enabled":true,"_links":{"self":[{"href":"https:\/\/eldiariodesanpedro.com.ar\/sitio\/wp-json\/wp\/v2\/posts\/110339","targetHints":{"allow":["GET"]}}],"collection":[{"href":"https:\/\/eldiariodesanpedro.com.ar\/sitio\/wp-json\/wp\/v2\/posts"}],"about":[{"href":"https:\/\/eldiariodesanpedro.com.ar\/sitio\/wp-json\/wp\/v2\/types\/post"}],"author":[{"embeddable":true,"href":"https:\/\/eldiariodesanpedro.com.ar\/sitio\/wp-json\/wp\/v2\/users\/4"}],"replies":[{"embeddable":true,"href":"https:\/\/eldiariodesanpedro.com.ar\/sitio\/wp-json\/wp\/v2\/comments?post=110339"}],"version-history":[{"count":1,"href":"https:\/\/eldiariodesanpedro.com.ar\/sitio\/wp-json\/wp\/v2\/posts\/110339\/revisions"}],"predecessor-version":[{"id":110340,"href":"https:\/\/eldiariodesanpedro.com.ar\/sitio\/wp-json\/wp\/v2\/posts\/110339\/revisions\/110340"}],"wp:featuredmedia":[{"embeddable":true,"href":"https:\/\/eldiariodesanpedro.com.ar\/sitio\/wp-json\/wp\/v2\/media\/97782"}],"wp:attachment":[{"href":"https:\/\/eldiariodesanpedro.com.ar\/sitio\/wp-json\/wp\/v2\/media?parent=110339"}],"wp:term":[{"taxonomy":"category","embeddable":true,"href":"https:\/\/eldiariodesanpedro.com.ar\/sitio\/wp-json\/wp\/v2\/categories?post=110339"},{"taxonomy":"post_tag","embeddable":true,"href":"https:\/\/eldiariodesanpedro.com.ar\/sitio\/wp-json\/wp\/v2\/tags?post=110339"}],"curies":[{"name":"wp","href":"https:\/\/api.w.org\/{rel}","templated":true}]}}