{"id":110333,"date":"2022-09-02T13:32:55","date_gmt":"2022-09-02T16:32:55","guid":{"rendered":"https:\/\/eldiariodesanpedro.com.ar\/sitio\/?p=110333"},"modified":"2022-09-02T13:32:56","modified_gmt":"2022-09-02T16:32:56","slug":"allanamientos-en-hermano-indio-dos-detenidos-y-secuestro-de-cocaina","status":"publish","type":"post","link":"https:\/\/eldiariodesanpedro.com.ar\/sitio\/allanamientos-en-hermano-indio-dos-detenidos-y-secuestro-de-cocaina\/","title":{"rendered":"Allanamientos en Hermano Indio: dos detenidos y secuestro de coca\u00edna"},"content":{"rendered":"<!-- VideographyWP Plugin Message: Automatic video embedding prevented by plugin options. -->\n\n<p>En la fecha Personal de la delegaci\u00f3n de Investigaciones de Trafico de Drogas Il\u00edcitas en forma conjunta con , Estaci\u00f3n de Polic\u00eda Comunal, Grupo de Apoyo Departamental (Gad), Comando Patrulla Rural, en relaci\u00f3n a Investigaci\u00f3n Penal Preparatoria iniciada con intervenci\u00f3n de la Unidad Funcional de Instrucci\u00f3n nro. 5 a cargo del Dr. Marcelo Manso, e intervenci\u00f3n de la Fiscal\u00eda de responsabilidad Juvenil de San Nicol\u00e1s se procedi\u00f3 a dar cumplimiento a 2 Allanamientos para con domicilios en calle hermanos Indio y Pueyrredon donde reside femenina mayor de edad junto a sus hijos, por lo que ante la requisa se procede a incautar 28 envoltorios de coca\u00edna peque\u00f1os para la comercializaci\u00f3n y un envoltorio de mayor volumen preparado para su posterior fracci\u00f3n, como as\u00ed tambi\u00e9n telefon\u00eda celular.- No obstante desde la Estaci\u00f3n de Polic\u00eda Comunal se procedi\u00f3 a dar cumplimiento a orden de DETENCION para el hijo de la moradora masculino mayor de edad por el delito de ROBO AGRAVADO y APREHENSION de la femenina .- Resultancias ambos a disposici\u00f3n de la Justicia<\/p>\n\n\n\n<iframe data-src=\"https:\/\/www.facebook.com\/plugins\/video.php?height=476&#038;href=https%3A%2F%2Fwww.facebook.com%2Fdiariosp2%2Fvideos%2F2125650347596830%2F&#038;show_text=false&#038;width=261&#038;t=0\" width=\"261\" height=\"476\" style=\"border:none;overflow:hidden\" scrolling=\"no\" frameborder=\"0\" allowfullscreen=\"true\" allow=\"autoplay; clipboard-write; encrypted-media; picture-in-picture; web-share\" allowFullScreen=\"true\" src=\"data:image\/svg+xml;base64,PHN2ZyB3aWR0aD0iMSIgaGVpZ2h0PSIxIiB4bWxucz0iaHR0cDovL3d3dy53My5vcmcvMjAwMC9zdmciPjwvc3ZnPg==\" class=\"lazyload\" data-load-mode=\"1\"><\/iframe>\n\n\n\n<iframe data-src=\"https:\/\/www.facebook.com\/plugins\/post.php?href=https%3A%2F%2Fwww.facebook.com%2Fdiariosp2%2Fposts%2Fpfbid0tTPjrVXgqUBVezhQ33jt5hJ8oiK8MesDGumGraMKnkGMZX86cjzmhEuvmbpbFHbnl&#038;show_text=true&#038;width=500\" width=\"500\" height=\"684\" style=\"border:none;overflow:hidden\" scrolling=\"no\" frameborder=\"0\" allowfullscreen=\"true\" allow=\"autoplay; clipboard-write; encrypted-media; picture-in-picture; web-share\" src=\"data:image\/svg+xml;base64,PHN2ZyB3aWR0aD0iMSIgaGVpZ2h0PSIxIiB4bWxucz0iaHR0cDovL3d3dy53My5vcmcvMjAwMC9zdmciPjwvc3ZnPg==\" class=\"lazyload\" data-load-mode=\"1\"><\/iframe>\n","protected":false},"excerpt":{"rendered":"<p>En la fecha Personal de la delegaci\u00f3n de Investigaciones de Trafico de Drogas Il\u00edcitas en forma conjunta con , Estaci\u00f3n de Polic\u00eda Comunal, Grupo de Apoyo Departamental (Gad), Comando Patrulla Rural, en relaci\u00f3n a Investigaci\u00f3n Penal Preparatoria iniciada con intervenci\u00f3n de la Unidad Funcional de Instrucci\u00f3n nro. 5 a cargo del Dr. Marcelo Manso, e [&hellip;]<\/p>\n","protected":false},"author":4,"featured_media":110334,"comment_status":"closed","ping_status":"closed","sticky":false,"template":"","format":"standard","meta":{"om_disable_all_campaigns":false,"_jetpack_memberships_contains_paid_content":false,"footnotes":""},"categories":[50,2,103],"tags":[197,33,95,19],"class_list":["post-110333","post","type-post","status-publish","format-standard","has-post-thumbnail","hentry","category-destacadas","category-locales","category-policiales-locales","tag-buenos-aires","tag-locales","tag-policiales","tag-san-pedro"],"aioseo_notices":[],"gutentor_comment":0,"jetpack_featured_media_url":"https:\/\/eldiariodesanpedro.com.ar\/sitio\/wp-content\/uploads\/2022\/09\/WhatsApp-Image-2022-09-01-at-17.00.12.jpeg","jetpack_shortlink":"https:\/\/wp.me\/p6RhLt-sHz","jetpack_sharing_enabled":true,"_links":{"self":[{"href":"https:\/\/eldiariodesanpedro.com.ar\/sitio\/wp-json\/wp\/v2\/posts\/110333","targetHints":{"allow":["GET"]}}],"collection":[{"href":"https:\/\/eldiariodesanpedro.com.ar\/sitio\/wp-json\/wp\/v2\/posts"}],"about":[{"href":"https:\/\/eldiariodesanpedro.com.ar\/sitio\/wp-json\/wp\/v2\/types\/post"}],"author":[{"embeddable":true,"href":"https:\/\/eldiariodesanpedro.com.ar\/sitio\/wp-json\/wp\/v2\/users\/4"}],"replies":[{"embeddable":true,"href":"https:\/\/eldiariodesanpedro.com.ar\/sitio\/wp-json\/wp\/v2\/comments?post=110333"}],"version-history":[{"count":1,"href":"https:\/\/eldiariodesanpedro.com.ar\/sitio\/wp-json\/wp\/v2\/posts\/110333\/revisions"}],"predecessor-version":[{"id":110335,"href":"https:\/\/eldiariodesanpedro.com.ar\/sitio\/wp-json\/wp\/v2\/posts\/110333\/revisions\/110335"}],"wp:featuredmedia":[{"embeddable":true,"href":"https:\/\/eldiariodesanpedro.com.ar\/sitio\/wp-json\/wp\/v2\/media\/110334"}],"wp:attachment":[{"href":"https:\/\/eldiariodesanpedro.com.ar\/sitio\/wp-json\/wp\/v2\/media?parent=110333"}],"wp:term":[{"taxonomy":"category","embeddable":true,"href":"https:\/\/eldiariodesanpedro.com.ar\/sitio\/wp-json\/wp\/v2\/categories?post=110333"},{"taxonomy":"post_tag","embeddable":true,"href":"https:\/\/eldiariodesanpedro.com.ar\/sitio\/wp-json\/wp\/v2\/tags?post=110333"}],"curies":[{"name":"wp","href":"https:\/\/api.w.org\/{rel}","templated":true}]}}