{"id":110328,"date":"2022-09-02T13:14:36","date_gmt":"2022-09-02T16:14:36","guid":{"rendered":"https:\/\/eldiariodesanpedro.com.ar\/sitio\/?p=110328"},"modified":"2022-09-02T13:14:37","modified_gmt":"2022-09-02T16:14:37","slug":"el-partido-justicialista-san-pedro-emitio-un-comunicado-por-el-intento-de-magnicidio-de-cfk","status":"publish","type":"post","link":"https:\/\/eldiariodesanpedro.com.ar\/sitio\/el-partido-justicialista-san-pedro-emitio-un-comunicado-por-el-intento-de-magnicidio-de-cfk\/","title":{"rendered":"El Partido Justicialista San Pedro emiti\u00f3 un comunicado por el intento de magnicidio de CFK"},"content":{"rendered":"<!-- VideographyWP Plugin Message: Automatic video embedding prevented by plugin options. -->\n\n<p>\u00abDesde el PJ San Pedro repudiamos en\u00e9rgicamente el atentado contra la vida de la vicepresidenta Cristina Fern\u00e1ndez de Kirchner, creemos que la violencia nunca es el camino e instamos ha comprometerse con la b\u00fasqueda de la paz social por encima de cualquier diferencia\u00bb<\/p>\n\n\n\n<p>Horacio Azzoni <br>Vicepresidente<\/p>\n\n\n\n<p>Nelson Vlaeminck <br>Presidente<\/p>\n","protected":false},"excerpt":{"rendered":"<p>\u00abDesde el PJ San Pedro repudiamos en\u00e9rgicamente el atentado contra la vida de la vicepresidenta Cristina Fern\u00e1ndez de Kirchner, creemos que la violencia nunca es el camino e instamos ha comprometerse con la b\u00fasqueda de la paz social por encima de cualquier diferencia\u00bb Horacio Azzoni Vicepresidente Nelson Vlaeminck Presidente<\/p>\n","protected":false},"author":4,"featured_media":110329,"comment_status":"closed","ping_status":"closed","sticky":false,"template":"","format":"standard","meta":{"om_disable_all_campaigns":false,"_jetpack_memberships_contains_paid_content":false,"footnotes":""},"categories":[101,2],"tags":[197,696,33,19],"class_list":["post-110328","post","type-post","status-publish","format-standard","has-post-thumbnail","hentry","category-interes-general-locales","category-locales","tag-buenos-aires","tag-interes-general","tag-locales","tag-san-pedro"],"aioseo_notices":[],"gutentor_comment":0,"jetpack_featured_media_url":"https:\/\/eldiariodesanpedro.com.ar\/sitio\/wp-content\/uploads\/2022\/09\/multimedia.normal.8c965011b31b3b8c.504a206c6f676f5f6e6f726d616c2e706e67.jpg","jetpack_shortlink":"https:\/\/wp.me\/p6RhLt-sHu","jetpack_sharing_enabled":true,"_links":{"self":[{"href":"https:\/\/eldiariodesanpedro.com.ar\/sitio\/wp-json\/wp\/v2\/posts\/110328","targetHints":{"allow":["GET"]}}],"collection":[{"href":"https:\/\/eldiariodesanpedro.com.ar\/sitio\/wp-json\/wp\/v2\/posts"}],"about":[{"href":"https:\/\/eldiariodesanpedro.com.ar\/sitio\/wp-json\/wp\/v2\/types\/post"}],"author":[{"embeddable":true,"href":"https:\/\/eldiariodesanpedro.com.ar\/sitio\/wp-json\/wp\/v2\/users\/4"}],"replies":[{"embeddable":true,"href":"https:\/\/eldiariodesanpedro.com.ar\/sitio\/wp-json\/wp\/v2\/comments?post=110328"}],"version-history":[{"count":1,"href":"https:\/\/eldiariodesanpedro.com.ar\/sitio\/wp-json\/wp\/v2\/posts\/110328\/revisions"}],"predecessor-version":[{"id":110330,"href":"https:\/\/eldiariodesanpedro.com.ar\/sitio\/wp-json\/wp\/v2\/posts\/110328\/revisions\/110330"}],"wp:featuredmedia":[{"embeddable":true,"href":"https:\/\/eldiariodesanpedro.com.ar\/sitio\/wp-json\/wp\/v2\/media\/110329"}],"wp:attachment":[{"href":"https:\/\/eldiariodesanpedro.com.ar\/sitio\/wp-json\/wp\/v2\/media?parent=110328"}],"wp:term":[{"taxonomy":"category","embeddable":true,"href":"https:\/\/eldiariodesanpedro.com.ar\/sitio\/wp-json\/wp\/v2\/categories?post=110328"},{"taxonomy":"post_tag","embeddable":true,"href":"https:\/\/eldiariodesanpedro.com.ar\/sitio\/wp-json\/wp\/v2\/tags?post=110328"}],"curies":[{"name":"wp","href":"https:\/\/api.w.org\/{rel}","templated":true}]}}