{"id":110322,"date":"2022-09-02T12:37:24","date_gmt":"2022-09-02T15:37:24","guid":{"rendered":"https:\/\/eldiariodesanpedro.com.ar\/sitio\/?p=110322"},"modified":"2022-09-02T12:37:25","modified_gmt":"2022-09-02T15:37:25","slug":"repudio-total-al-intento-de-magnicidio-contra-la-vicepresidenta-cristina-fernandez-de-kirchner","status":"publish","type":"post","link":"https:\/\/eldiariodesanpedro.com.ar\/sitio\/repudio-total-al-intento-de-magnicidio-contra-la-vicepresidenta-cristina-fernandez-de-kirchner\/","title":{"rendered":"Repudio total al intento de magnicidio contra la vicepresidenta Cristina Fern\u00e1ndez de Kirchner"},"content":{"rendered":"<!-- VideographyWP Plugin Message: Automatic video embedding prevented by plugin options. -->\n\n<p>Firmado por su presidente Cecilio Salazar el Partido FE de la provincia de Buenos Aires se expres\u00f3 con respecto a lo acontecido durante la noche del jueves y el atentado sufrido por la vicepresidenta de la naci\u00f3n Cristina Fern\u00e1ndez de Kirchner.<\/p>\n\n\n\n<p>\u00abEl grav\u00edsimo hecho ocurrido esta noche que ha puesto en riesgo la vida de nuestra vicepresidenta Cristina Fern\u00e1ndez de Kirchner es un alarmante llamado de atenci\u00f3n que no podemos dejar&nbsp;pasar.<\/p>\n\n\n\n<p>Expresamos nuestra solidaridad con nuestra querida vicepresidenta y con su familia. Estamos seguros que este intento de magnicidio es el resultado de una situaci\u00f3n l\u00edmite que debe hacernos reflexionar a todos los argentinos y argentinas.<\/p>\n\n\n\n<p>La escalada de acciones y operaciones de todo tipo que hoy atraviesan la vida nacional no pueden llevarnos a un escenario de violencia como el de los peores d\u00edas de la historia argentina.<\/p>\n\n\n\n<p>Esperamos que r\u00e1pidamente la Justicia tome las medidas correspondientes para esclarecer este hecho y apelamos a que desde todo el arco pol\u00edtico y desde los medios se repudie enf\u00e1ticamente episodios como \u00e9ste que no tienen nada que ver con el pa\u00eds en el que, a\u00fan en el disenso todos deseamos vivir en PAZ\u00bb.<\/p>\n\n\n\n<p>Cecilio Salazar Pte. Partido Fe Pcia. de Bs As.<\/p>\n","protected":false},"excerpt":{"rendered":"<p>Firmado por su presidente Cecilio Salazar el Partido FE de la provincia de Buenos Aires se expres\u00f3 con respecto a lo acontecido durante la noche del jueves y el atentado sufrido por la vicepresidenta de la naci\u00f3n Cristina Fern\u00e1ndez de Kirchner. \u00abEl grav\u00edsimo hecho ocurrido esta noche que ha puesto en riesgo la vida de [&hellip;]<\/p>\n","protected":false},"author":4,"featured_media":110323,"comment_status":"closed","ping_status":"closed","sticky":false,"template":"","format":"standard","meta":{"om_disable_all_campaigns":false,"_jetpack_memberships_contains_paid_content":false,"footnotes":""},"categories":[50,101,2],"tags":[197,696,33,19],"class_list":["post-110322","post","type-post","status-publish","format-standard","has-post-thumbnail","hentry","category-destacadas","category-interes-general-locales","category-locales","tag-buenos-aires","tag-interes-general","tag-locales","tag-san-pedro"],"aioseo_notices":[],"gutentor_comment":0,"jetpack_featured_media_url":"https:\/\/eldiariodesanpedro.com.ar\/sitio\/wp-content\/uploads\/2022\/09\/0000021191-resized-1920x1080-1.jpg","jetpack_shortlink":"https:\/\/wp.me\/p6RhLt-sHo","jetpack_sharing_enabled":true,"_links":{"self":[{"href":"https:\/\/eldiariodesanpedro.com.ar\/sitio\/wp-json\/wp\/v2\/posts\/110322","targetHints":{"allow":["GET"]}}],"collection":[{"href":"https:\/\/eldiariodesanpedro.com.ar\/sitio\/wp-json\/wp\/v2\/posts"}],"about":[{"href":"https:\/\/eldiariodesanpedro.com.ar\/sitio\/wp-json\/wp\/v2\/types\/post"}],"author":[{"embeddable":true,"href":"https:\/\/eldiariodesanpedro.com.ar\/sitio\/wp-json\/wp\/v2\/users\/4"}],"replies":[{"embeddable":true,"href":"https:\/\/eldiariodesanpedro.com.ar\/sitio\/wp-json\/wp\/v2\/comments?post=110322"}],"version-history":[{"count":1,"href":"https:\/\/eldiariodesanpedro.com.ar\/sitio\/wp-json\/wp\/v2\/posts\/110322\/revisions"}],"predecessor-version":[{"id":110324,"href":"https:\/\/eldiariodesanpedro.com.ar\/sitio\/wp-json\/wp\/v2\/posts\/110322\/revisions\/110324"}],"wp:featuredmedia":[{"embeddable":true,"href":"https:\/\/eldiariodesanpedro.com.ar\/sitio\/wp-json\/wp\/v2\/media\/110323"}],"wp:attachment":[{"href":"https:\/\/eldiariodesanpedro.com.ar\/sitio\/wp-json\/wp\/v2\/media?parent=110322"}],"wp:term":[{"taxonomy":"category","embeddable":true,"href":"https:\/\/eldiariodesanpedro.com.ar\/sitio\/wp-json\/wp\/v2\/categories?post=110322"},{"taxonomy":"post_tag","embeddable":true,"href":"https:\/\/eldiariodesanpedro.com.ar\/sitio\/wp-json\/wp\/v2\/tags?post=110322"}],"curies":[{"name":"wp","href":"https:\/\/api.w.org\/{rel}","templated":true}]}}