{"id":110320,"date":"2022-09-02T12:31:49","date_gmt":"2022-09-02T15:31:49","guid":{"rendered":"https:\/\/eldiariodesanpedro.com.ar\/sitio\/?p=110320"},"modified":"2022-09-02T12:31:50","modified_gmt":"2022-09-02T15:31:50","slug":"el-intendente-salazar-repudio-el-ataque-a-la-vicepresidenta-cristina-fernandez-de-kirchner","status":"publish","type":"post","link":"https:\/\/eldiariodesanpedro.com.ar\/sitio\/el-intendente-salazar-repudio-el-ataque-a-la-vicepresidenta-cristina-fernandez-de-kirchner\/","title":{"rendered":"El Intendente Salazar repudi\u00f3 el ataque a la vicepresidenta Cristina Fern\u00e1ndez de Kirchner"},"content":{"rendered":"<!-- VideographyWP Plugin Message: Automatic video embedding prevented by plugin options. -->\n\n<p>Mediante un comunicado el jefe comunal se pronunci\u00f3 con respecto a la situaci\u00f3n que le toc\u00f3 atravesar a la funcionaria en su domicilio particular.<\/p>\n\n\n\n<p>\u00abComo Intendente Municipal quiero expresar mi contundente repudio al ataque sufrido por la vicepresidenta Cristina Fern\u00e1ndez de Kirchner esta noche.&nbsp;<\/p>\n\n\n\n<p>Rechazamos enf\u00e1ticamente la violencia en todas sus formas y ante este intento de magnicidio que debe ser inmediatamente investigado, comparto un llamado a la moderaci\u00f3n y la reflexi\u00f3n.<\/p>\n\n\n\n<p>Cada uno desde nuestros espacios debemos reaccionar con firmeza y al mismo tiempo con responsabilidad para transitar un momento muy triste para la pol\u00edtica y para toda la sociedad.<\/p>\n\n\n\n<p>Finalmente expresamos&nbsp;en nombre de todo el gobierno municipal de San Pedro nuestra solidaridad con la Dra. Fern\u00e1ndez de Kirchner y su familia\u00bb.<\/p>\n\n\n\n<p>Dr. Ram\u00f3n Salazar<\/p>\n\n\n\n<p>Intendente Municipal de San Pedro<\/p>\n","protected":false},"excerpt":{"rendered":"<p>Mediante un comunicado el jefe comunal se pronunci\u00f3 con respecto a la situaci\u00f3n que le toc\u00f3 atravesar a la funcionaria en su domicilio particular. \u00abComo Intendente Municipal quiero expresar mi contundente repudio al ataque sufrido por la vicepresidenta Cristina Fern\u00e1ndez de Kirchner esta noche.&nbsp; Rechazamos enf\u00e1ticamente la violencia en todas sus formas y ante este [&hellip;]<\/p>\n","protected":false},"author":4,"featured_media":68573,"comment_status":"closed","ping_status":"closed","sticky":false,"template":"","format":"standard","meta":{"om_disable_all_campaigns":false,"_jetpack_memberships_contains_paid_content":false,"footnotes":""},"categories":[50,101,2],"tags":[197,696,33,19],"class_list":["post-110320","post","type-post","status-publish","format-standard","has-post-thumbnail","hentry","category-destacadas","category-interes-general-locales","category-locales","tag-buenos-aires","tag-interes-general","tag-locales","tag-san-pedro"],"aioseo_notices":[],"gutentor_comment":0,"jetpack_featured_media_url":"https:\/\/eldiariodesanpedro.com.ar\/sitio\/wp-content\/uploads\/2020\/02\/Ram\u00f3n-Salazar-primer-plano.jpg","jetpack_shortlink":"https:\/\/wp.me\/p6RhLt-sHm","jetpack_sharing_enabled":true,"_links":{"self":[{"href":"https:\/\/eldiariodesanpedro.com.ar\/sitio\/wp-json\/wp\/v2\/posts\/110320","targetHints":{"allow":["GET"]}}],"collection":[{"href":"https:\/\/eldiariodesanpedro.com.ar\/sitio\/wp-json\/wp\/v2\/posts"}],"about":[{"href":"https:\/\/eldiariodesanpedro.com.ar\/sitio\/wp-json\/wp\/v2\/types\/post"}],"author":[{"embeddable":true,"href":"https:\/\/eldiariodesanpedro.com.ar\/sitio\/wp-json\/wp\/v2\/users\/4"}],"replies":[{"embeddable":true,"href":"https:\/\/eldiariodesanpedro.com.ar\/sitio\/wp-json\/wp\/v2\/comments?post=110320"}],"version-history":[{"count":1,"href":"https:\/\/eldiariodesanpedro.com.ar\/sitio\/wp-json\/wp\/v2\/posts\/110320\/revisions"}],"predecessor-version":[{"id":110321,"href":"https:\/\/eldiariodesanpedro.com.ar\/sitio\/wp-json\/wp\/v2\/posts\/110320\/revisions\/110321"}],"wp:featuredmedia":[{"embeddable":true,"href":"https:\/\/eldiariodesanpedro.com.ar\/sitio\/wp-json\/wp\/v2\/media\/68573"}],"wp:attachment":[{"href":"https:\/\/eldiariodesanpedro.com.ar\/sitio\/wp-json\/wp\/v2\/media?parent=110320"}],"wp:term":[{"taxonomy":"category","embeddable":true,"href":"https:\/\/eldiariodesanpedro.com.ar\/sitio\/wp-json\/wp\/v2\/categories?post=110320"},{"taxonomy":"post_tag","embeddable":true,"href":"https:\/\/eldiariodesanpedro.com.ar\/sitio\/wp-json\/wp\/v2\/tags?post=110320"}],"curies":[{"name":"wp","href":"https:\/\/api.w.org\/{rel}","templated":true}]}}