{"id":110316,"date":"2022-09-01T21:10:02","date_gmt":"2022-09-02T00:10:02","guid":{"rendered":"https:\/\/eldiariodesanpedro.com.ar\/sitio\/?p=110316"},"modified":"2022-09-01T21:10:03","modified_gmt":"2022-09-02T00:10:03","slug":"edicto-de-sucesion-de-ruben-eduardo-trovati","status":"publish","type":"post","link":"https:\/\/eldiariodesanpedro.com.ar\/sitio\/edicto-de-sucesion-de-ruben-eduardo-trovati\/","title":{"rendered":"Edicto de Sucesi\u00f3n de Ruben Eduardo Trovati"},"content":{"rendered":"<!-- VideographyWP Plugin Message: Automatic video embedding prevented by plugin options. -->\n\n<p>El Juzgado de Paz Letrado de San Pedro cita y emplaza por el t\u00e9rmino de 30 d\u00edas a herederos y acreedores de <strong>Ruben Eduardo Trovati<\/strong>. San Pedro, 15 de julio de 2022.-<\/p>\n\n\n\n<p>FACUNDO VELL\u00d3N<br>ABOGADO SECRETARIO<\/p>\n\n\n\n<p>(Publicaci\u00f3n V\u00e1lida por los d\u00edas&nbsp; 01, 02 Y 03 de septiembre de 2022)<\/p>\n","protected":false},"excerpt":{"rendered":"<p>El Juzgado de Paz Letrado de San Pedro cita y emplaza por el t\u00e9rmino de 30 d\u00edas a herederos y acreedores de Ruben Eduardo Trovati. San Pedro, 15 de julio de 2022.- FACUNDO VELL\u00d3NABOGADO SECRETARIO (Publicaci\u00f3n V\u00e1lida por los d\u00edas&nbsp; 01, 02 Y 03 de septiembre de 2022)<\/p>\n","protected":false},"author":4,"featured_media":81115,"comment_status":"closed","ping_status":"closed","sticky":false,"template":"","format":"standard","meta":{"om_disable_all_campaigns":false,"_jetpack_memberships_contains_paid_content":false,"footnotes":""},"categories":[676,677],"tags":[197,1121,3013,1355,19,1122],"class_list":["post-110316","post","type-post","status-publish","format-standard","has-post-thumbnail","hentry","category-edictos","category-edictos-sucesorios","tag-buenos-aires","tag-edicto","tag-edicto-de-sucesion-de-ruben-eduardo-trovati","tag-judiciales","tag-san-pedro","tag-sucesion"],"aioseo_notices":[],"gutentor_comment":0,"jetpack_featured_media_url":"https:\/\/eldiariodesanpedro.com.ar\/sitio\/wp-content\/uploads\/2020\/09\/Poder-Judicial.jpg","jetpack_shortlink":"https:\/\/wp.me\/p6RhLt-sHi","jetpack_sharing_enabled":true,"_links":{"self":[{"href":"https:\/\/eldiariodesanpedro.com.ar\/sitio\/wp-json\/wp\/v2\/posts\/110316","targetHints":{"allow":["GET"]}}],"collection":[{"href":"https:\/\/eldiariodesanpedro.com.ar\/sitio\/wp-json\/wp\/v2\/posts"}],"about":[{"href":"https:\/\/eldiariodesanpedro.com.ar\/sitio\/wp-json\/wp\/v2\/types\/post"}],"author":[{"embeddable":true,"href":"https:\/\/eldiariodesanpedro.com.ar\/sitio\/wp-json\/wp\/v2\/users\/4"}],"replies":[{"embeddable":true,"href":"https:\/\/eldiariodesanpedro.com.ar\/sitio\/wp-json\/wp\/v2\/comments?post=110316"}],"version-history":[{"count":1,"href":"https:\/\/eldiariodesanpedro.com.ar\/sitio\/wp-json\/wp\/v2\/posts\/110316\/revisions"}],"predecessor-version":[{"id":110317,"href":"https:\/\/eldiariodesanpedro.com.ar\/sitio\/wp-json\/wp\/v2\/posts\/110316\/revisions\/110317"}],"wp:featuredmedia":[{"embeddable":true,"href":"https:\/\/eldiariodesanpedro.com.ar\/sitio\/wp-json\/wp\/v2\/media\/81115"}],"wp:attachment":[{"href":"https:\/\/eldiariodesanpedro.com.ar\/sitio\/wp-json\/wp\/v2\/media?parent=110316"}],"wp:term":[{"taxonomy":"category","embeddable":true,"href":"https:\/\/eldiariodesanpedro.com.ar\/sitio\/wp-json\/wp\/v2\/categories?post=110316"},{"taxonomy":"post_tag","embeddable":true,"href":"https:\/\/eldiariodesanpedro.com.ar\/sitio\/wp-json\/wp\/v2\/tags?post=110316"}],"curies":[{"name":"wp","href":"https:\/\/api.w.org\/{rel}","templated":true}]}}