{"id":110220,"date":"2022-08-30T20:44:31","date_gmt":"2022-08-30T23:44:31","guid":{"rendered":"https:\/\/eldiariodesanpedro.com.ar\/sitio\/?p=110220"},"modified":"2022-08-30T20:44:32","modified_gmt":"2022-08-30T23:44:32","slug":"edicto-de-destruccion-de-expedientes-ano-2021","status":"publish","type":"post","link":"https:\/\/eldiariodesanpedro.com.ar\/sitio\/edicto-de-destruccion-de-expedientes-ano-2021\/","title":{"rendered":"Edicto de Destrucci\u00f3n de Expedientes A\u00f1o 2021"},"content":{"rendered":"<!-- VideographyWP Plugin Message: Automatic video embedding prevented by plugin options. -->\n\n<p>El Juzgado de Paz Letrado de San Pedro del Departamento Judicial de San Nicol\u00e1s, hace saber que el d\u00eda 10 de octubre de 2022 se proceder\u00e1 a la destrucci\u00f3n de 4284 expedientes contravencionales iniciados entre los a\u00f1os 1997 y 2015 y de 237 expedientes del fuero civil y comercial que corresponden al per\u00edodo comprendido entre 1980 y 1992. H\u00e1cese saber que los listados de expedientes a destruir se encontrar\u00e1n a disposici\u00f3n de los interesados en la sede del Juzgado de Paz de San Pedro sito en Belgrano 1405 por el plazo de 20 d\u00edas desde la publicaci\u00f3n de edictos o desde la recepci\u00f3n del oficio -seg\u00fan fuere el caso- a efectos de realizar las presentaciones previstas en el art. 120 del Acuerdo 3397. &#8212; San Pedro, de agosto de 2022.<\/p>\n\n\n\n<p>JOSE IGNACIO MACCHIA<br>JUEZ DE PAZ DE SAN PEDRO<\/p>\n\n\n\n<p>(Publicaci\u00f3n V\u00e1lida por los d\u00edas 30 y 31 de agosto, y 01 de septiembre de 2022)<\/p>\n","protected":false},"excerpt":{"rendered":"<p>El Juzgado de Paz Letrado de San Pedro del Departamento Judicial de San Nicol\u00e1s, hace saber que el d\u00eda 10 de octubre de 2022 se proceder\u00e1 a la destrucci\u00f3n de 4284 expedientes contravencionales iniciados entre los a\u00f1os 1997 y 2015 y de 237 expedientes del fuero civil y comercial que corresponden al per\u00edodo comprendido entre [&hellip;]<\/p>\n","protected":false},"author":4,"featured_media":102746,"comment_status":"closed","ping_status":"closed","sticky":false,"template":"","format":"standard","meta":{"om_disable_all_campaigns":false,"_jetpack_memberships_contains_paid_content":false,"footnotes":""},"categories":[676,1124],"tags":[197,1121,3007,1355,3008,19,1122],"class_list":["post-110220","post","type-post","status-publish","format-standard","has-post-thumbnail","hentry","category-edictos","category-edictos-especiales","tag-buenos-aires","tag-edicto","tag-edicto-de-destruccion-de-expedientes-ano-2021","tag-judiciales","tag-juez-de-paz-de-san-pedro","tag-san-pedro","tag-sucesion"],"aioseo_notices":[],"gutentor_comment":0,"jetpack_featured_media_url":"https:\/\/eldiariodesanpedro.com.ar\/sitio\/wp-content\/uploads\/2022\/01\/EDICTO.jpg","jetpack_shortlink":"https:\/\/wp.me\/p6RhLt-sFK","jetpack_sharing_enabled":true,"_links":{"self":[{"href":"https:\/\/eldiariodesanpedro.com.ar\/sitio\/wp-json\/wp\/v2\/posts\/110220","targetHints":{"allow":["GET"]}}],"collection":[{"href":"https:\/\/eldiariodesanpedro.com.ar\/sitio\/wp-json\/wp\/v2\/posts"}],"about":[{"href":"https:\/\/eldiariodesanpedro.com.ar\/sitio\/wp-json\/wp\/v2\/types\/post"}],"author":[{"embeddable":true,"href":"https:\/\/eldiariodesanpedro.com.ar\/sitio\/wp-json\/wp\/v2\/users\/4"}],"replies":[{"embeddable":true,"href":"https:\/\/eldiariodesanpedro.com.ar\/sitio\/wp-json\/wp\/v2\/comments?post=110220"}],"version-history":[{"count":1,"href":"https:\/\/eldiariodesanpedro.com.ar\/sitio\/wp-json\/wp\/v2\/posts\/110220\/revisions"}],"predecessor-version":[{"id":110221,"href":"https:\/\/eldiariodesanpedro.com.ar\/sitio\/wp-json\/wp\/v2\/posts\/110220\/revisions\/110221"}],"wp:featuredmedia":[{"embeddable":true,"href":"https:\/\/eldiariodesanpedro.com.ar\/sitio\/wp-json\/wp\/v2\/media\/102746"}],"wp:attachment":[{"href":"https:\/\/eldiariodesanpedro.com.ar\/sitio\/wp-json\/wp\/v2\/media?parent=110220"}],"wp:term":[{"taxonomy":"category","embeddable":true,"href":"https:\/\/eldiariodesanpedro.com.ar\/sitio\/wp-json\/wp\/v2\/categories?post=110220"},{"taxonomy":"post_tag","embeddable":true,"href":"https:\/\/eldiariodesanpedro.com.ar\/sitio\/wp-json\/wp\/v2\/tags?post=110220"}],"curies":[{"name":"wp","href":"https:\/\/api.w.org\/{rel}","templated":true}]}}