{"id":110210,"date":"2022-08-30T18:16:36","date_gmt":"2022-08-30T21:16:36","guid":{"rendered":"https:\/\/eldiariodesanpedro.com.ar\/sitio\/?p=110210"},"modified":"2022-08-30T18:16:38","modified_gmt":"2022-08-30T21:16:38","slug":"edicto-de-sucesion-de-scheidereiter-armando-leonel-y-soto-blanco-monica","status":"publish","type":"post","link":"https:\/\/eldiariodesanpedro.com.ar\/sitio\/edicto-de-sucesion-de-scheidereiter-armando-leonel-y-soto-blanco-monica\/","title":{"rendered":"Edicto de Sucesi\u00f3n de Scheidereiter Armando Leonel y Soto Blanco Monica"},"content":{"rendered":"<!-- VideographyWP Plugin Message: Automatic video embedding prevented by plugin options. -->\n\n<p>El Juzgado de Paz Letrado de San Pedro, Secretar\u00eda \u00danica, cita y emplaza por 30 d\u00edas a los herederos y acreedores de <strong>Scheidereiter Armando Leonel y Soto Blanco Monica<\/strong>. San Pedro, 24 de Agosto de 2022.<\/p>\n\n\n\n<p>FACUNDO VELL\u00d3N<\/p>\n\n\n\n<p>ABOGADO SECRETARIO<\/p>\n\n\n\n<p>(Publicaci\u00f3n V\u00e1lida por los d\u00edas 30 y 31 de agosto, 01 de septiembre de 2022)&nbsp;<br><a href=\"https:\/\/notificaciones.scba.gov.ar\/verificarnotificacion.aspx?codNotif=yf665e\">https:\/\/notificaciones.scba.gov.ar\/verificarnotificacion.aspx?codNotif=yf665e<\/a>&nbsp;<\/p>\n","protected":false},"excerpt":{"rendered":"<p>El Juzgado de Paz Letrado de San Pedro, Secretar\u00eda \u00danica, cita y emplaza por 30 d\u00edas a los herederos y acreedores de Scheidereiter Armando Leonel y Soto Blanco Monica. San Pedro, 24 de Agosto de 2022. FACUNDO VELL\u00d3N ABOGADO SECRETARIO (Publicaci\u00f3n V\u00e1lida por los d\u00edas 30 y 31 de agosto, 01 de septiembre de 2022)&nbsp;https:\/\/notificaciones.scba.gov.ar\/verificarnotificacion.aspx?codNotif=yf665e&nbsp;<\/p>\n","protected":false},"author":4,"featured_media":102746,"comment_status":"closed","ping_status":"closed","sticky":false,"template":"","format":"standard","meta":{"om_disable_all_campaigns":false,"_jetpack_memberships_contains_paid_content":false,"footnotes":""},"categories":[676,677],"tags":[197,696,33,19,3002],"class_list":["post-110210","post","type-post","status-publish","format-standard","has-post-thumbnail","hentry","category-edictos","category-edictos-sucesorios","tag-buenos-aires","tag-interes-general","tag-locales","tag-san-pedro","tag-scheidereiter-armando-leonel-y-soto-blanco-monica"],"aioseo_notices":[],"gutentor_comment":0,"jetpack_featured_media_url":"https:\/\/eldiariodesanpedro.com.ar\/sitio\/wp-content\/uploads\/2022\/01\/EDICTO.jpg","jetpack_shortlink":"https:\/\/wp.me\/p6RhLt-sFA","jetpack_sharing_enabled":true,"_links":{"self":[{"href":"https:\/\/eldiariodesanpedro.com.ar\/sitio\/wp-json\/wp\/v2\/posts\/110210","targetHints":{"allow":["GET"]}}],"collection":[{"href":"https:\/\/eldiariodesanpedro.com.ar\/sitio\/wp-json\/wp\/v2\/posts"}],"about":[{"href":"https:\/\/eldiariodesanpedro.com.ar\/sitio\/wp-json\/wp\/v2\/types\/post"}],"author":[{"embeddable":true,"href":"https:\/\/eldiariodesanpedro.com.ar\/sitio\/wp-json\/wp\/v2\/users\/4"}],"replies":[{"embeddable":true,"href":"https:\/\/eldiariodesanpedro.com.ar\/sitio\/wp-json\/wp\/v2\/comments?post=110210"}],"version-history":[{"count":1,"href":"https:\/\/eldiariodesanpedro.com.ar\/sitio\/wp-json\/wp\/v2\/posts\/110210\/revisions"}],"predecessor-version":[{"id":110211,"href":"https:\/\/eldiariodesanpedro.com.ar\/sitio\/wp-json\/wp\/v2\/posts\/110210\/revisions\/110211"}],"wp:featuredmedia":[{"embeddable":true,"href":"https:\/\/eldiariodesanpedro.com.ar\/sitio\/wp-json\/wp\/v2\/media\/102746"}],"wp:attachment":[{"href":"https:\/\/eldiariodesanpedro.com.ar\/sitio\/wp-json\/wp\/v2\/media?parent=110210"}],"wp:term":[{"taxonomy":"category","embeddable":true,"href":"https:\/\/eldiariodesanpedro.com.ar\/sitio\/wp-json\/wp\/v2\/categories?post=110210"},{"taxonomy":"post_tag","embeddable":true,"href":"https:\/\/eldiariodesanpedro.com.ar\/sitio\/wp-json\/wp\/v2\/tags?post=110210"}],"curies":[{"name":"wp","href":"https:\/\/api.w.org\/{rel}","templated":true}]}}