{"id":110205,"date":"2022-08-29T21:30:09","date_gmt":"2022-08-30T00:30:09","guid":{"rendered":"https:\/\/eldiariodesanpedro.com.ar\/sitio\/?p=110205"},"modified":"2022-08-29T21:30:10","modified_gmt":"2022-08-30T00:30:10","slug":"tres-sujetos-golpearon-salvajemente-a-un-joven-en-la-via-publica-en-la-madrugada-del-domingo","status":"publish","type":"post","link":"https:\/\/eldiariodesanpedro.com.ar\/sitio\/tres-sujetos-golpearon-salvajemente-a-un-joven-en-la-via-publica-en-la-madrugada-del-domingo\/","title":{"rendered":"Tres sujetos golpearon salvajemente a un joven en la v\u00eda p\u00fablica en la madrugada del domingo"},"content":{"rendered":"<!-- VideographyWP Plugin Message: Automatic video embedding prevented by plugin options. -->\n\n<p>Este domingo en horas de la madrugada c\u00e1maras de seguridad de la intersecci\u00f3n de Pellegrini y G\u00fcemes captaron pasadas las 6 hs, el momento en que un joven era agredido por tres sujetos.<\/p>\n\n\n\n<p>Minutos despu\u00e9s se hace presente una ambulancia del SAME y el joven que sufri\u00f3 traumatismo de cr\u00e1neo se neg\u00f3 a ser trasladado al nosocomio local.<\/p>\n\n\n\n<p>Horas m\u00e1s tarde pasado el mediod\u00eda el mismo joven fue llevado al nosocomio local tras sufrir dolores y descomposturas debido a la fuerte golpiza recibida.<\/p>\n","protected":false},"excerpt":{"rendered":"<p>Este domingo en horas de la madrugada c\u00e1maras de seguridad de la intersecci\u00f3n de Pellegrini y G\u00fcemes captaron pasadas las 6 hs, el momento en que un joven era agredido por tres sujetos. Minutos despu\u00e9s se hace presente una ambulancia del SAME y el joven que sufri\u00f3 traumatismo de cr\u00e1neo se neg\u00f3 a ser trasladado [&hellip;]<\/p>\n","protected":false},"author":4,"featured_media":110206,"comment_status":"closed","ping_status":"closed","sticky":false,"template":"","format":"standard","meta":{"om_disable_all_campaigns":false,"_jetpack_memberships_contains_paid_content":false,"footnotes":""},"categories":[50,2,103],"tags":[197,33,95,19],"class_list":["post-110205","post","type-post","status-publish","format-standard","has-post-thumbnail","hentry","category-destacadas","category-locales","category-policiales-locales","tag-buenos-aires","tag-locales","tag-policiales","tag-san-pedro"],"aioseo_notices":[],"gutentor_comment":0,"jetpack_featured_media_url":"https:\/\/eldiariodesanpedro.com.ar\/sitio\/wp-content\/uploads\/2022\/08\/WhatsApp-Image-2022-08-29-at-8.50.46-PM.jpeg","jetpack_shortlink":"https:\/\/wp.me\/p6RhLt-sFv","jetpack_sharing_enabled":true,"_links":{"self":[{"href":"https:\/\/eldiariodesanpedro.com.ar\/sitio\/wp-json\/wp\/v2\/posts\/110205","targetHints":{"allow":["GET"]}}],"collection":[{"href":"https:\/\/eldiariodesanpedro.com.ar\/sitio\/wp-json\/wp\/v2\/posts"}],"about":[{"href":"https:\/\/eldiariodesanpedro.com.ar\/sitio\/wp-json\/wp\/v2\/types\/post"}],"author":[{"embeddable":true,"href":"https:\/\/eldiariodesanpedro.com.ar\/sitio\/wp-json\/wp\/v2\/users\/4"}],"replies":[{"embeddable":true,"href":"https:\/\/eldiariodesanpedro.com.ar\/sitio\/wp-json\/wp\/v2\/comments?post=110205"}],"version-history":[{"count":1,"href":"https:\/\/eldiariodesanpedro.com.ar\/sitio\/wp-json\/wp\/v2\/posts\/110205\/revisions"}],"predecessor-version":[{"id":110207,"href":"https:\/\/eldiariodesanpedro.com.ar\/sitio\/wp-json\/wp\/v2\/posts\/110205\/revisions\/110207"}],"wp:featuredmedia":[{"embeddable":true,"href":"https:\/\/eldiariodesanpedro.com.ar\/sitio\/wp-json\/wp\/v2\/media\/110206"}],"wp:attachment":[{"href":"https:\/\/eldiariodesanpedro.com.ar\/sitio\/wp-json\/wp\/v2\/media?parent=110205"}],"wp:term":[{"taxonomy":"category","embeddable":true,"href":"https:\/\/eldiariodesanpedro.com.ar\/sitio\/wp-json\/wp\/v2\/categories?post=110205"},{"taxonomy":"post_tag","embeddable":true,"href":"https:\/\/eldiariodesanpedro.com.ar\/sitio\/wp-json\/wp\/v2\/tags?post=110205"}],"curies":[{"name":"wp","href":"https:\/\/api.w.org\/{rel}","templated":true}]}}