{"id":110200,"date":"2022-08-29T18:47:09","date_gmt":"2022-08-29T21:47:09","guid":{"rendered":"https:\/\/eldiariodesanpedro.com.ar\/sitio\/?p=110200"},"modified":"2022-08-29T18:47:10","modified_gmt":"2022-08-29T21:47:10","slug":"un-ciudadano-aprehendido-por-agredir-fisicamente-a-su-pareja","status":"publish","type":"post","link":"https:\/\/eldiariodesanpedro.com.ar\/sitio\/un-ciudadano-aprehendido-por-agredir-fisicamente-a-su-pareja\/","title":{"rendered":"Un ciudadano aprehendido por agredir f\u00edsicamente a su pareja"},"content":{"rendered":"<!-- VideographyWP Plugin Message: Automatic video embedding prevented by plugin options. -->\n\n<p>En la jornada de ayer domingo a las 20:30 horas el personal policial, a ra\u00edz llamado 911 Emergencias, se hace presente en una vivienda ubicada en calle Cucit al 800 aproximadamente aprehende a masculino de 26 a\u00f1os, quien momentos antes agrede f\u00edsicamente su pareja una femenina de 32 a\u00f1os.<\/p>\n\n\n\n<p>La v\u00edctima trasladada y asistida en la Comisaria de la Mujer y familia local, presenta lesiones leves.<\/p>\n\n\n\n<p>Si insta. Interviene UFI N\u00b0 07 Local, dispone Not. Art. 60 por el delito de lesiones leves quedando alojado.-<\/p>\n","protected":false},"excerpt":{"rendered":"<p>En la jornada de ayer domingo a las 20:30 horas el personal policial, a ra\u00edz llamado 911 Emergencias, se hace presente en una vivienda ubicada en calle Cucit al 800 aproximadamente aprehende a masculino de 26 a\u00f1os, quien momentos antes agrede f\u00edsicamente su pareja una femenina de 32 a\u00f1os. La v\u00edctima trasladada y asistida en [&hellip;]<\/p>\n","protected":false},"author":4,"featured_media":110201,"comment_status":"closed","ping_status":"closed","sticky":false,"template":"","format":"standard","meta":{"om_disable_all_campaigns":false,"_jetpack_memberships_contains_paid_content":false,"footnotes":""},"categories":[2,103],"tags":[197,33,95,19],"class_list":["post-110200","post","type-post","status-publish","format-standard","has-post-thumbnail","hentry","category-locales","category-policiales-locales","tag-buenos-aires","tag-locales","tag-policiales","tag-san-pedro"],"aioseo_notices":[],"gutentor_comment":0,"jetpack_featured_media_url":"https:\/\/eldiariodesanpedro.com.ar\/sitio\/wp-content\/uploads\/2022\/08\/medida-36.png","jetpack_shortlink":"https:\/\/wp.me\/p6RhLt-sFq","jetpack_sharing_enabled":true,"_links":{"self":[{"href":"https:\/\/eldiariodesanpedro.com.ar\/sitio\/wp-json\/wp\/v2\/posts\/110200","targetHints":{"allow":["GET"]}}],"collection":[{"href":"https:\/\/eldiariodesanpedro.com.ar\/sitio\/wp-json\/wp\/v2\/posts"}],"about":[{"href":"https:\/\/eldiariodesanpedro.com.ar\/sitio\/wp-json\/wp\/v2\/types\/post"}],"author":[{"embeddable":true,"href":"https:\/\/eldiariodesanpedro.com.ar\/sitio\/wp-json\/wp\/v2\/users\/4"}],"replies":[{"embeddable":true,"href":"https:\/\/eldiariodesanpedro.com.ar\/sitio\/wp-json\/wp\/v2\/comments?post=110200"}],"version-history":[{"count":1,"href":"https:\/\/eldiariodesanpedro.com.ar\/sitio\/wp-json\/wp\/v2\/posts\/110200\/revisions"}],"predecessor-version":[{"id":110202,"href":"https:\/\/eldiariodesanpedro.com.ar\/sitio\/wp-json\/wp\/v2\/posts\/110200\/revisions\/110202"}],"wp:featuredmedia":[{"embeddable":true,"href":"https:\/\/eldiariodesanpedro.com.ar\/sitio\/wp-json\/wp\/v2\/media\/110201"}],"wp:attachment":[{"href":"https:\/\/eldiariodesanpedro.com.ar\/sitio\/wp-json\/wp\/v2\/media?parent=110200"}],"wp:term":[{"taxonomy":"category","embeddable":true,"href":"https:\/\/eldiariodesanpedro.com.ar\/sitio\/wp-json\/wp\/v2\/categories?post=110200"},{"taxonomy":"post_tag","embeddable":true,"href":"https:\/\/eldiariodesanpedro.com.ar\/sitio\/wp-json\/wp\/v2\/tags?post=110200"}],"curies":[{"name":"wp","href":"https:\/\/api.w.org\/{rel}","templated":true}]}}