{"id":110197,"date":"2022-08-29T18:33:30","date_gmt":"2022-08-29T21:33:30","guid":{"rendered":"https:\/\/eldiariodesanpedro.com.ar\/sitio\/?p=110197"},"modified":"2022-08-29T18:33:30","modified_gmt":"2022-08-29T21:33:30","slug":"un-automovil-colisiono-contra-una-motocicleta-en-zona-centrica","status":"publish","type":"post","link":"https:\/\/eldiariodesanpedro.com.ar\/sitio\/un-automovil-colisiono-contra-una-motocicleta-en-zona-centrica\/","title":{"rendered":"Un autom\u00f3vil colisiono contra una motocicleta en zona c\u00e9ntrica"},"content":{"rendered":"<!-- VideographyWP Plugin Message: Automatic video embedding prevented by plugin options. -->\n\n<p>Este domingo alrededor de las 20:25 en horas el personal policial en recorrida por calle Mitre y Alvear acude accidente de tr\u00e1nsito, donde por razones que se tratan de establecer, se produce una colisi\u00f3n entre Motocicleta Guerrero 110 cc negra guiada por que un ciudadano de 28 a\u00f1os con automotor Peugeot 207 cc coupe, color blanco, conducido por masculino de 49 a\u00f1os.<\/p>\n\n\n\n<p>Resultancias de un ciudadano del rodado menor es trasladado hacia el hospital, presentando lesiones de car\u00e1cter leve. No insta a la acci\u00f3n penal.<\/p>\n","protected":false},"excerpt":{"rendered":"<p>Este domingo alrededor de las 20:25 en horas el personal policial en recorrida por calle Mitre y Alvear acude accidente de tr\u00e1nsito, donde por razones que se tratan de establecer, se produce una colisi\u00f3n entre Motocicleta Guerrero 110 cc negra guiada por que un ciudadano de 28 a\u00f1os con automotor Peugeot 207 cc coupe, color [&hellip;]<\/p>\n","protected":false},"author":4,"featured_media":110198,"comment_status":"closed","ping_status":"closed","sticky":false,"template":"","format":"standard","meta":{"om_disable_all_campaigns":false,"_jetpack_memberships_contains_paid_content":false,"footnotes":""},"categories":[2,103],"tags":[197,33,95,19],"class_list":["post-110197","post","type-post","status-publish","format-standard","has-post-thumbnail","hentry","category-locales","category-policiales-locales","tag-buenos-aires","tag-locales","tag-policiales","tag-san-pedro"],"aioseo_notices":[],"gutentor_comment":0,"jetpack_featured_media_url":"https:\/\/eldiariodesanpedro.com.ar\/sitio\/wp-content\/uploads\/2022\/08\/medida-35.png","jetpack_shortlink":"https:\/\/wp.me\/p6RhLt-sFn","jetpack_sharing_enabled":true,"_links":{"self":[{"href":"https:\/\/eldiariodesanpedro.com.ar\/sitio\/wp-json\/wp\/v2\/posts\/110197","targetHints":{"allow":["GET"]}}],"collection":[{"href":"https:\/\/eldiariodesanpedro.com.ar\/sitio\/wp-json\/wp\/v2\/posts"}],"about":[{"href":"https:\/\/eldiariodesanpedro.com.ar\/sitio\/wp-json\/wp\/v2\/types\/post"}],"author":[{"embeddable":true,"href":"https:\/\/eldiariodesanpedro.com.ar\/sitio\/wp-json\/wp\/v2\/users\/4"}],"replies":[{"embeddable":true,"href":"https:\/\/eldiariodesanpedro.com.ar\/sitio\/wp-json\/wp\/v2\/comments?post=110197"}],"version-history":[{"count":1,"href":"https:\/\/eldiariodesanpedro.com.ar\/sitio\/wp-json\/wp\/v2\/posts\/110197\/revisions"}],"predecessor-version":[{"id":110199,"href":"https:\/\/eldiariodesanpedro.com.ar\/sitio\/wp-json\/wp\/v2\/posts\/110197\/revisions\/110199"}],"wp:featuredmedia":[{"embeddable":true,"href":"https:\/\/eldiariodesanpedro.com.ar\/sitio\/wp-json\/wp\/v2\/media\/110198"}],"wp:attachment":[{"href":"https:\/\/eldiariodesanpedro.com.ar\/sitio\/wp-json\/wp\/v2\/media?parent=110197"}],"wp:term":[{"taxonomy":"category","embeddable":true,"href":"https:\/\/eldiariodesanpedro.com.ar\/sitio\/wp-json\/wp\/v2\/categories?post=110197"},{"taxonomy":"post_tag","embeddable":true,"href":"https:\/\/eldiariodesanpedro.com.ar\/sitio\/wp-json\/wp\/v2\/tags?post=110197"}],"curies":[{"name":"wp","href":"https:\/\/api.w.org\/{rel}","templated":true}]}}