{"id":110194,"date":"2022-08-29T18:19:19","date_gmt":"2022-08-29T21:19:19","guid":{"rendered":"https:\/\/eldiariodesanpedro.com.ar\/sitio\/?p=110194"},"modified":"2022-08-29T18:19:21","modified_gmt":"2022-08-29T21:19:21","slug":"se-recupera-una-motocicleta-abandonada-en-la-via-publica","status":"publish","type":"post","link":"https:\/\/eldiariodesanpedro.com.ar\/sitio\/se-recupera-una-motocicleta-abandonada-en-la-via-publica\/","title":{"rendered":"Se recupera una motocicleta abandonada en la v\u00eda p\u00fablica"},"content":{"rendered":"<!-- VideographyWP Plugin Message: Automatic video embedding prevented by plugin options. -->\n\n<p>En la jornada de ayer domingo, el personal policial se hace presente en Av. 11 de Septiembre al 1600 aproximadamente procede al secuestro de una motocicleta Honda Fan, color negra, abandonada en v\u00eda p\u00fablica, y sustra\u00edda en el d\u00eda s\u00e1bado, sin violencia, en vereda de calle Combate de Obligado al 1600, propiedad de un ciudadano de 33 a\u00f1os.<\/p>\n\n\n\n<p>Fue devuelta a su propietario, Interviene UFI 07 Local.-<\/p>\n","protected":false},"excerpt":{"rendered":"<p>En la jornada de ayer domingo, el personal policial se hace presente en Av. 11 de Septiembre al 1600 aproximadamente procede al secuestro de una motocicleta Honda Fan, color negra, abandonada en v\u00eda p\u00fablica, y sustra\u00edda en el d\u00eda s\u00e1bado, sin violencia, en vereda de calle Combate de Obligado al 1600, propiedad de un ciudadano [&hellip;]<\/p>\n","protected":false},"author":4,"featured_media":110195,"comment_status":"closed","ping_status":"closed","sticky":false,"template":"","format":"standard","meta":{"om_disable_all_campaigns":false,"_jetpack_memberships_contains_paid_content":false,"footnotes":""},"categories":[2,103],"tags":[197,33,95,19],"class_list":["post-110194","post","type-post","status-publish","format-standard","has-post-thumbnail","hentry","category-locales","category-policiales-locales","tag-buenos-aires","tag-locales","tag-policiales","tag-san-pedro"],"aioseo_notices":[],"gutentor_comment":0,"jetpack_featured_media_url":"https:\/\/eldiariodesanpedro.com.ar\/sitio\/wp-content\/uploads\/2022\/08\/medida-34.png","jetpack_shortlink":"https:\/\/wp.me\/p6RhLt-sFk","jetpack_sharing_enabled":true,"_links":{"self":[{"href":"https:\/\/eldiariodesanpedro.com.ar\/sitio\/wp-json\/wp\/v2\/posts\/110194","targetHints":{"allow":["GET"]}}],"collection":[{"href":"https:\/\/eldiariodesanpedro.com.ar\/sitio\/wp-json\/wp\/v2\/posts"}],"about":[{"href":"https:\/\/eldiariodesanpedro.com.ar\/sitio\/wp-json\/wp\/v2\/types\/post"}],"author":[{"embeddable":true,"href":"https:\/\/eldiariodesanpedro.com.ar\/sitio\/wp-json\/wp\/v2\/users\/4"}],"replies":[{"embeddable":true,"href":"https:\/\/eldiariodesanpedro.com.ar\/sitio\/wp-json\/wp\/v2\/comments?post=110194"}],"version-history":[{"count":1,"href":"https:\/\/eldiariodesanpedro.com.ar\/sitio\/wp-json\/wp\/v2\/posts\/110194\/revisions"}],"predecessor-version":[{"id":110196,"href":"https:\/\/eldiariodesanpedro.com.ar\/sitio\/wp-json\/wp\/v2\/posts\/110194\/revisions\/110196"}],"wp:featuredmedia":[{"embeddable":true,"href":"https:\/\/eldiariodesanpedro.com.ar\/sitio\/wp-json\/wp\/v2\/media\/110195"}],"wp:attachment":[{"href":"https:\/\/eldiariodesanpedro.com.ar\/sitio\/wp-json\/wp\/v2\/media?parent=110194"}],"wp:term":[{"taxonomy":"category","embeddable":true,"href":"https:\/\/eldiariodesanpedro.com.ar\/sitio\/wp-json\/wp\/v2\/categories?post=110194"},{"taxonomy":"post_tag","embeddable":true,"href":"https:\/\/eldiariodesanpedro.com.ar\/sitio\/wp-json\/wp\/v2\/tags?post=110194"}],"curies":[{"name":"wp","href":"https:\/\/api.w.org\/{rel}","templated":true}]}}