{"id":110149,"date":"2022-08-26T10:47:48","date_gmt":"2022-08-26T13:47:48","guid":{"rendered":"https:\/\/eldiariodesanpedro.com.ar\/sitio\/?p=110149"},"modified":"2022-08-26T10:47:49","modified_gmt":"2022-08-26T13:47:49","slug":"jornada-de-prevencion-para-la-deteccion-temprana-del-maltrato-infantil-2","status":"publish","type":"post","link":"https:\/\/eldiariodesanpedro.com.ar\/sitio\/jornada-de-prevencion-para-la-deteccion-temprana-del-maltrato-infantil-2\/","title":{"rendered":"Jornada de prevenci\u00f3n para la detecci\u00f3n temprana del maltrato infantil"},"content":{"rendered":"<!-- VideographyWP Plugin Message: Automatic video embedding prevented by plugin options. -->\n\n<p>Continuando con el Programa Municipal \u201cNi\u00f1eces y Adolescencias Protagonistas\u201d, profesionales del Servicio Local de Promoci\u00f3n y Protecci\u00f3n de los Derechos de Ni\u00f1os, Ni\u00f1as y Adolescentes dependiente de la Secretar\u00eda de Desarrollo Humano llevaron adelante una nueva jornada de prevenci\u00f3n de maltrato y abuso sexual infantil.<\/p>\n\n\n\n<p>En esta ocasi\u00f3n la jornada se llev\u00f3 a cabo en la sede del Club Atl\u00e9tico Mitre con la participaci\u00f3n de Profesores y Directivos con el fin de brindarles herramientas para la detecci\u00f3n temprana y erradicaci\u00f3n del ASI y o cualquier forma de maltrato infantil.<\/p>\n\n\n\n<p>El desarrollo de este programa que tiene como objetivo la promoci\u00f3n de derechos y la prevenci\u00f3n de conflictos y vulneraci\u00f3n de derechos.<\/p>\n\n\n\n<p>Agradecemos al Club Atl\u00e9tico Mitre por recibirnos con todos sus profes, por la calidez y el respeto recibido.<\/p>\n\n\n\n<figure class=\"wp-block-image size-full\"><img decoding=\"async\" width=\"840\" height=\"630\" data-attachment-id=\"110151\" data-permalink=\"https:\/\/eldiariodesanpedro.com.ar\/sitio\/jornada-de-prevencion-para-la-deteccion-temprana-del-maltrato-infantil-2\/whatsapp-image-2022-08-26-at-10-23-54-am\/\" data-orig-file=\"https:\/\/eldiariodesanpedro.com.ar\/sitio\/wp-content\/uploads\/2022\/08\/WhatsApp-Image-2022-08-26-at-10.23.54-AM.jpeg\" data-orig-size=\"840,630\" data-comments-opened=\"0\" data-image-meta=\"{&quot;aperture&quot;:&quot;0&quot;,&quot;credit&quot;:&quot;&quot;,&quot;camera&quot;:&quot;&quot;,&quot;caption&quot;:&quot;&quot;,&quot;created_timestamp&quot;:&quot;0&quot;,&quot;copyright&quot;:&quot;&quot;,&quot;focal_length&quot;:&quot;0&quot;,&quot;iso&quot;:&quot;0&quot;,&quot;shutter_speed&quot;:&quot;0&quot;,&quot;title&quot;:&quot;&quot;,&quot;orientation&quot;:&quot;0&quot;}\" data-image-title=\"WhatsApp Image 2022-08-26 at 10.23.54 AM\" data-image-description=\"\" data-image-caption=\"\" data-large-file=\"https:\/\/eldiariodesanpedro.com.ar\/sitio\/wp-content\/uploads\/2022\/08\/WhatsApp-Image-2022-08-26-at-10.23.54-AM.jpeg\" data-src=\"https:\/\/eldiariodesanpedro.com.ar\/sitio\/wp-content\/uploads\/2022\/08\/WhatsApp-Image-2022-08-26-at-10.23.54-AM.jpeg\" alt=\"\" class=\"wp-image-110151 lazyload\" data-srcset=\"https:\/\/eldiariodesanpedro.com.ar\/sitio\/wp-content\/uploads\/2022\/08\/WhatsApp-Image-2022-08-26-at-10.23.54-AM.jpeg 840w, https:\/\/eldiariodesanpedro.com.ar\/sitio\/wp-content\/uploads\/2022\/08\/WhatsApp-Image-2022-08-26-at-10.23.54-AM-300x225.jpeg 300w, https:\/\/eldiariodesanpedro.com.ar\/sitio\/wp-content\/uploads\/2022\/08\/WhatsApp-Image-2022-08-26-at-10.23.54-AM-768x576.jpeg 768w, https:\/\/eldiariodesanpedro.com.ar\/sitio\/wp-content\/uploads\/2022\/08\/WhatsApp-Image-2022-08-26-at-10.23.54-AM-272x204.jpeg 272w\" data-sizes=\"(max-width: 840px) 100vw, 840px\" src=\"data:image\/svg+xml;base64,PHN2ZyB3aWR0aD0iMSIgaGVpZ2h0PSIxIiB4bWxucz0iaHR0cDovL3d3dy53My5vcmcvMjAwMC9zdmciPjwvc3ZnPg==\" style=\"--smush-placeholder-width: 840px; --smush-placeholder-aspect-ratio: 840\/630;\" \/><\/figure>\n\n\n\n<figure class=\"wp-block-image size-full\"><img decoding=\"async\" width=\"840\" height=\"630\" data-attachment-id=\"110152\" data-permalink=\"https:\/\/eldiariodesanpedro.com.ar\/sitio\/jornada-de-prevencion-para-la-deteccion-temprana-del-maltrato-infantil-2\/whatsapp-image-2022-08-26-at-10-23-59-am\/\" data-orig-file=\"https:\/\/eldiariodesanpedro.com.ar\/sitio\/wp-content\/uploads\/2022\/08\/WhatsApp-Image-2022-08-26-at-10.23.59-AM.jpeg\" data-orig-size=\"840,630\" data-comments-opened=\"0\" data-image-meta=\"{&quot;aperture&quot;:&quot;0&quot;,&quot;credit&quot;:&quot;&quot;,&quot;camera&quot;:&quot;&quot;,&quot;caption&quot;:&quot;&quot;,&quot;created_timestamp&quot;:&quot;0&quot;,&quot;copyright&quot;:&quot;&quot;,&quot;focal_length&quot;:&quot;0&quot;,&quot;iso&quot;:&quot;0&quot;,&quot;shutter_speed&quot;:&quot;0&quot;,&quot;title&quot;:&quot;&quot;,&quot;orientation&quot;:&quot;0&quot;}\" data-image-title=\"WhatsApp Image 2022-08-26 at 10.23.59 AM\" data-image-description=\"\" data-image-caption=\"\" data-large-file=\"https:\/\/eldiariodesanpedro.com.ar\/sitio\/wp-content\/uploads\/2022\/08\/WhatsApp-Image-2022-08-26-at-10.23.59-AM.jpeg\" data-src=\"https:\/\/eldiariodesanpedro.com.ar\/sitio\/wp-content\/uploads\/2022\/08\/WhatsApp-Image-2022-08-26-at-10.23.59-AM.jpeg\" alt=\"\" class=\"wp-image-110152 lazyload\" data-srcset=\"https:\/\/eldiariodesanpedro.com.ar\/sitio\/wp-content\/uploads\/2022\/08\/WhatsApp-Image-2022-08-26-at-10.23.59-AM.jpeg 840w, https:\/\/eldiariodesanpedro.com.ar\/sitio\/wp-content\/uploads\/2022\/08\/WhatsApp-Image-2022-08-26-at-10.23.59-AM-300x225.jpeg 300w, https:\/\/eldiariodesanpedro.com.ar\/sitio\/wp-content\/uploads\/2022\/08\/WhatsApp-Image-2022-08-26-at-10.23.59-AM-768x576.jpeg 768w, https:\/\/eldiariodesanpedro.com.ar\/sitio\/wp-content\/uploads\/2022\/08\/WhatsApp-Image-2022-08-26-at-10.23.59-AM-272x204.jpeg 272w\" data-sizes=\"(max-width: 840px) 100vw, 840px\" src=\"data:image\/svg+xml;base64,PHN2ZyB3aWR0aD0iMSIgaGVpZ2h0PSIxIiB4bWxucz0iaHR0cDovL3d3dy53My5vcmcvMjAwMC9zdmciPjwvc3ZnPg==\" style=\"--smush-placeholder-width: 840px; --smush-placeholder-aspect-ratio: 840\/630;\" \/><\/figure>\n","protected":false},"excerpt":{"rendered":"<p>Continuando con el Programa Municipal \u201cNi\u00f1eces y Adolescencias Protagonistas\u201d, profesionales del Servicio Local de Promoci\u00f3n y Protecci\u00f3n de los Derechos de Ni\u00f1os, Ni\u00f1as y Adolescentes dependiente de la Secretar\u00eda de Desarrollo Humano llevaron adelante una nueva jornada de prevenci\u00f3n de maltrato y abuso sexual infantil. En esta ocasi\u00f3n la jornada se llev\u00f3 a cabo en [&hellip;]<\/p>\n","protected":false},"author":4,"featured_media":110150,"comment_status":"closed","ping_status":"closed","sticky":false,"template":"","format":"standard","meta":{"om_disable_all_campaigns":false,"_jetpack_memberships_contains_paid_content":false,"footnotes":""},"categories":[101,2],"tags":[197,696,2999,33,19],"class_list":["post-110149","post","type-post","status-publish","format-standard","has-post-thumbnail","hentry","category-interes-general-locales","category-locales","tag-buenos-aires","tag-interes-general","tag-jornada-de-prevencion-para-la-deteccion-temprana-del-maltrato-infantil","tag-locales","tag-san-pedro"],"aioseo_notices":[],"gutentor_comment":0,"jetpack_featured_media_url":"https:\/\/eldiariodesanpedro.com.ar\/sitio\/wp-content\/uploads\/2022\/08\/WhatsApp-Image-2022-08-26-at-10.23.53-AM.jpeg","jetpack_shortlink":"https:\/\/wp.me\/p6RhLt-sEB","jetpack_sharing_enabled":true,"_links":{"self":[{"href":"https:\/\/eldiariodesanpedro.com.ar\/sitio\/wp-json\/wp\/v2\/posts\/110149","targetHints":{"allow":["GET"]}}],"collection":[{"href":"https:\/\/eldiariodesanpedro.com.ar\/sitio\/wp-json\/wp\/v2\/posts"}],"about":[{"href":"https:\/\/eldiariodesanpedro.com.ar\/sitio\/wp-json\/wp\/v2\/types\/post"}],"author":[{"embeddable":true,"href":"https:\/\/eldiariodesanpedro.com.ar\/sitio\/wp-json\/wp\/v2\/users\/4"}],"replies":[{"embeddable":true,"href":"https:\/\/eldiariodesanpedro.com.ar\/sitio\/wp-json\/wp\/v2\/comments?post=110149"}],"version-history":[{"count":1,"href":"https:\/\/eldiariodesanpedro.com.ar\/sitio\/wp-json\/wp\/v2\/posts\/110149\/revisions"}],"predecessor-version":[{"id":110153,"href":"https:\/\/eldiariodesanpedro.com.ar\/sitio\/wp-json\/wp\/v2\/posts\/110149\/revisions\/110153"}],"wp:featuredmedia":[{"embeddable":true,"href":"https:\/\/eldiariodesanpedro.com.ar\/sitio\/wp-json\/wp\/v2\/media\/110150"}],"wp:attachment":[{"href":"https:\/\/eldiariodesanpedro.com.ar\/sitio\/wp-json\/wp\/v2\/media?parent=110149"}],"wp:term":[{"taxonomy":"category","embeddable":true,"href":"https:\/\/eldiariodesanpedro.com.ar\/sitio\/wp-json\/wp\/v2\/categories?post=110149"},{"taxonomy":"post_tag","embeddable":true,"href":"https:\/\/eldiariodesanpedro.com.ar\/sitio\/wp-json\/wp\/v2\/tags?post=110149"}],"curies":[{"name":"wp","href":"https:\/\/api.w.org\/{rel}","templated":true}]}}