{"id":110110,"date":"2022-08-25T17:31:28","date_gmt":"2022-08-25T20:31:28","guid":{"rendered":"https:\/\/eldiariodesanpedro.com.ar\/sitio\/?p=110110"},"modified":"2022-08-25T17:31:29","modified_gmt":"2022-08-25T20:31:29","slug":"edicto-de-sucesion-de-taglaitore-mirta-susana","status":"publish","type":"post","link":"https:\/\/eldiariodesanpedro.com.ar\/sitio\/edicto-de-sucesion-de-taglaitore-mirta-susana\/","title":{"rendered":"Edicto de Sucesi\u00f3n de Taglaitore Mirta Susana"},"content":{"rendered":"<!-- VideographyWP Plugin Message: Automatic video embedding prevented by plugin options. -->\n\n<p>El Juzgado de Paz Letrado de la Ciudad de San Pedro, cita y emplaza por treinta (30) d\u00edas a herederos y acreedores de Do\u00f1a Taglaitore Mirta Susana, que se consideren con derecho a los bienes dejados por la causante para que dentro de treinta (30) d\u00edas lo acrediten (art. 734 inc. 2\u00ba del CPCC). &#8211; San Pedro, de de 2022<\/p>\n\n\n\n<p>FACUNDO VELL\u00d3N<br>ABOGADO SECRETARIO<\/p>\n\n\n\n<p>(Publicaci\u00f3n V\u00e1lida por los d\u00edas 25, 26 y 27 de agosto de 2022)<br>https:\/\/notificaciones.scba.gov.ar\/verificarnotificacion.aspx?codNotif=DK662J<\/p>\n","protected":false},"excerpt":{"rendered":"<p>El Juzgado de Paz Letrado de la Ciudad de San Pedro, cita y emplaza por treinta (30) d\u00edas a herederos y acreedores de Do\u00f1a Taglaitore Mirta Susana, que se consideren con derecho a los bienes dejados por la causante para que dentro de treinta (30) d\u00edas lo acrediten (art. 734 inc. 2\u00ba del CPCC). &#8211; [&hellip;]<\/p>\n","protected":false},"author":4,"featured_media":102746,"comment_status":"closed","ping_status":"closed","sticky":false,"template":"","format":"standard","meta":{"om_disable_all_campaigns":false,"_jetpack_memberships_contains_paid_content":false,"footnotes":""},"categories":[676,677],"tags":[197,1121,1355,33,19,1122],"class_list":["post-110110","post","type-post","status-publish","format-standard","has-post-thumbnail","hentry","category-edictos","category-edictos-sucesorios","tag-buenos-aires","tag-edicto","tag-judiciales","tag-locales","tag-san-pedro","tag-sucesion"],"aioseo_notices":[],"gutentor_comment":0,"jetpack_featured_media_url":"https:\/\/eldiariodesanpedro.com.ar\/sitio\/wp-content\/uploads\/2022\/01\/EDICTO.jpg","jetpack_shortlink":"https:\/\/wp.me\/p6RhLt-sDY","jetpack_sharing_enabled":true,"_links":{"self":[{"href":"https:\/\/eldiariodesanpedro.com.ar\/sitio\/wp-json\/wp\/v2\/posts\/110110","targetHints":{"allow":["GET"]}}],"collection":[{"href":"https:\/\/eldiariodesanpedro.com.ar\/sitio\/wp-json\/wp\/v2\/posts"}],"about":[{"href":"https:\/\/eldiariodesanpedro.com.ar\/sitio\/wp-json\/wp\/v2\/types\/post"}],"author":[{"embeddable":true,"href":"https:\/\/eldiariodesanpedro.com.ar\/sitio\/wp-json\/wp\/v2\/users\/4"}],"replies":[{"embeddable":true,"href":"https:\/\/eldiariodesanpedro.com.ar\/sitio\/wp-json\/wp\/v2\/comments?post=110110"}],"version-history":[{"count":1,"href":"https:\/\/eldiariodesanpedro.com.ar\/sitio\/wp-json\/wp\/v2\/posts\/110110\/revisions"}],"predecessor-version":[{"id":110111,"href":"https:\/\/eldiariodesanpedro.com.ar\/sitio\/wp-json\/wp\/v2\/posts\/110110\/revisions\/110111"}],"wp:featuredmedia":[{"embeddable":true,"href":"https:\/\/eldiariodesanpedro.com.ar\/sitio\/wp-json\/wp\/v2\/media\/102746"}],"wp:attachment":[{"href":"https:\/\/eldiariodesanpedro.com.ar\/sitio\/wp-json\/wp\/v2\/media?parent=110110"}],"wp:term":[{"taxonomy":"category","embeddable":true,"href":"https:\/\/eldiariodesanpedro.com.ar\/sitio\/wp-json\/wp\/v2\/categories?post=110110"},{"taxonomy":"post_tag","embeddable":true,"href":"https:\/\/eldiariodesanpedro.com.ar\/sitio\/wp-json\/wp\/v2\/tags?post=110110"}],"curies":[{"name":"wp","href":"https:\/\/api.w.org\/{rel}","templated":true}]}}