{"id":109990,"date":"2022-08-23T18:33:12","date_gmt":"2022-08-23T21:33:12","guid":{"rendered":"https:\/\/eldiariodesanpedro.com.ar\/sitio\/?p=109990"},"modified":"2022-08-23T18:36:11","modified_gmt":"2022-08-23T21:36:11","slug":"nuevo-equipamiento-y-amplio-plan-de-mejoras-en-el-hospital","status":"publish","type":"post","link":"https:\/\/eldiariodesanpedro.com.ar\/sitio\/nuevo-equipamiento-y-amplio-plan-de-mejoras-en-el-hospital\/","title":{"rendered":"Nuevo equipamiento y amplio plan de mejoras en el Hospital"},"content":{"rendered":"<!-- VideographyWP Plugin Message: Automatic video embedding prevented by plugin options. -->\n\n<p>Esta ma\u00f1ana el Intendente Municipal Dr. Ram\u00f3n Salazar present\u00f3 junto al Secretario de Salud Dr. Pablo Pichioni, el Director del Hospital Dr. Daniel Creus y el Director Administrativo Roberto Borgo, importantes elementos que se incorporan a la infraestructura del Hospital, con inversiones genuinas producidas por la gesti\u00f3n del Plan Sumar y una donaci\u00f3n muy importante del Banco Galicia.<\/p>\n\n\n\n<iframe data-src=\"https:\/\/www.facebook.com\/plugins\/video.php?height=314&amp;href=https%3A%2F%2Fwww.facebook.com%2Fdiariosp2%2Fvideos%2F3310659809180526%2F&amp;show_text=false&amp;width=560&amp;t=0\" width=\"560\" height=\"314\" style=\"border:none;overflow:hidden\" scrolling=\"no\" frameborder=\"0\" allowfullscreen=\"true\" allow=\"autoplay; clipboard-write; encrypted-media; picture-in-picture; web-share\" src=\"data:image\/svg+xml;base64,PHN2ZyB3aWR0aD0iMSIgaGVpZ2h0PSIxIiB4bWxucz0iaHR0cDovL3d3dy53My5vcmcvMjAwMC9zdmciPjwvc3ZnPg==\" class=\"lazyload\" data-load-mode=\"1\"><\/iframe>\n\n\n\n<p>El gerente zonal Santiago Ruiz Gui\u00f1az\u00fa y la gerente de la sucursal local Silvana Mistrangelo participaron de la presentaci\u00f3n de un ec\u00f3grafo Mindray DC-40 Crystal de \u00faltima generaci\u00f3n que fue donado a trav\u00e9s de las acciones de Responsabilidad Social del banco con un costo de $ 3.670.000. Esta unidad incluye equipamiento complementario para realizar estudios vasculares abdominales, obstetricia, coraz\u00f3n fetal, ginecol\u00f3gico y ultrasonido con medio de contraste, y fue recibido por la jefa del servicio de diagn\u00f3stico por im\u00e1genes Dra. Gabriela Malacalza.<\/p>\n\n\n\n<p>La Gerente de Banco Galicia, Silvana Mistrangelo expres\u00f3 su orgullo y satisfacci\u00f3n por esta donaci\u00f3n que redundar\u00e1 en beneficios para todos los vecinos y centros de salud que interact\u00faan con este centro de alta complejidad.<\/p>\n\n\n\n<p>Se\u00f1al\u00f3 tambi\u00e9n que nos permite \u00abfortalecer la excelente labor m\u00e9dica que desarrolla todo el personal, poder acompa\u00f1arlos desde nuestro lugar como actor social relevante es muy importante\u201d.<\/p>\n\n\n\n<p>Por su parte, Santiago Ruiz Gui\u00f1az\u00fa, Gerente Zonal de Banco Galicia, coment\u00f3 \u201cel Banco viene trabajando en este proyecto de acompa\u00f1amiento a hospitales desde el a\u00f1o 2009 ayudando a m\u00e1s de 300 instituciones. Lo que busca este proyecto es generar un impacto positivo en las comunidades donde estamos presentes.<\/p>\n\n\n\n<p>El Dr. Pichioni en el acto resalt\u00f3 el efecto positivo de la articulaci\u00f3n publico privada como \u00abel camino que debemos tomar para mejorar el d\u00eda a d\u00eda de las personas\u00bb.<\/p>\n\n\n\n<p>El Intendente Salazar agradeci\u00f3 la donaci\u00f3n, record\u00f3 c\u00f3mo se fueron incorporando diferentes equipos en los \u00faltimos tiempos mencionando el Arco en C y la torre de laparoscop\u00eda como ejemplos y comprometi\u00f3 a las autoridades del banco para seguir colaborando con la salud p\u00fablica en lo que adem\u00e1s constituye un modelo a seguir por otras empresas y organizaciones.<\/p>\n\n\n\n<p>Adem\u00e1s, en el encuentro la Direcci\u00f3n y la Administraci\u00f3n del Hospital presentaron equipamiento adquirido con recursos propios gestionados a trav\u00e9s los fondos afectados del Plan Sumar.<\/p>\n\n\n\n<p>En esta oportunidad se incorpor\u00f3 un oftalmoscopio binocular indirecto marca Viewlight VIO-30 valuado en $ 400.000 transportable y que permite realizar ex\u00e1menes para analizar con precisi\u00f3n la retina, disco \u00f3ptico, coroides y vasos sangu\u00edneos. El equipo fue recibido por la Dra. Elisa Guillaume, oftalm\u00f3loga del equipo del Hospital.<\/p>\n\n\n\n<p>Por otra parte, para el sector de lavadero fue adquirida una centr\u00edfuga pendular marca Esperanza Modelo CR60 con canasto en acero inoxidable envolvente con capacidad para 60 kilos, incorporada mediante una licitaci\u00f3n privada con un costo de $ 1.800.000.<\/p>\n\n\n\n<figure class=\"wp-block-image size-large\"><img decoding=\"async\" width=\"1024\" height=\"497\" data-attachment-id=\"109991\" data-permalink=\"https:\/\/eldiariodesanpedro.com.ar\/sitio\/nuevo-equipamiento-y-amplio-plan-de-mejoras-en-el-hospital\/whatsapp-image-2022-08-23-at-6-19-16-2-pm\/\" data-orig-file=\"https:\/\/eldiariodesanpedro.com.ar\/sitio\/wp-content\/uploads\/2022\/08\/WhatsApp-Image-2022-08-23-at-6.19.16-2-PM.jpeg\" data-orig-size=\"1200,583\" data-comments-opened=\"0\" data-image-meta=\"{&quot;aperture&quot;:&quot;0&quot;,&quot;credit&quot;:&quot;&quot;,&quot;camera&quot;:&quot;&quot;,&quot;caption&quot;:&quot;&quot;,&quot;created_timestamp&quot;:&quot;0&quot;,&quot;copyright&quot;:&quot;&quot;,&quot;focal_length&quot;:&quot;0&quot;,&quot;iso&quot;:&quot;0&quot;,&quot;shutter_speed&quot;:&quot;0&quot;,&quot;title&quot;:&quot;&quot;,&quot;orientation&quot;:&quot;0&quot;}\" data-image-title=\"WhatsApp Image 2022-08-23 at 6.19.16 2 PM\" data-image-description=\"\" data-image-caption=\"\" data-large-file=\"https:\/\/eldiariodesanpedro.com.ar\/sitio\/wp-content\/uploads\/2022\/08\/WhatsApp-Image-2022-08-23-at-6.19.16-2-PM-1024x497.jpeg\" data-src=\"https:\/\/eldiariodesanpedro.com.ar\/sitio\/wp-content\/uploads\/2022\/08\/WhatsApp-Image-2022-08-23-at-6.19.16-2-PM-1024x497.jpeg\" alt=\"\" class=\"wp-image-109991 lazyload\" data-srcset=\"https:\/\/eldiariodesanpedro.com.ar\/sitio\/wp-content\/uploads\/2022\/08\/WhatsApp-Image-2022-08-23-at-6.19.16-2-PM-1024x497.jpeg 1024w, https:\/\/eldiariodesanpedro.com.ar\/sitio\/wp-content\/uploads\/2022\/08\/WhatsApp-Image-2022-08-23-at-6.19.16-2-PM-300x146.jpeg 300w, https:\/\/eldiariodesanpedro.com.ar\/sitio\/wp-content\/uploads\/2022\/08\/WhatsApp-Image-2022-08-23-at-6.19.16-2-PM-768x373.jpeg 768w, https:\/\/eldiariodesanpedro.com.ar\/sitio\/wp-content\/uploads\/2022\/08\/WhatsApp-Image-2022-08-23-at-6.19.16-2-PM.jpeg 1200w\" data-sizes=\"(max-width: 1024px) 100vw, 1024px\" src=\"data:image\/svg+xml;base64,PHN2ZyB3aWR0aD0iMSIgaGVpZ2h0PSIxIiB4bWxucz0iaHR0cDovL3d3dy53My5vcmcvMjAwMC9zdmciPjwvc3ZnPg==\" style=\"--smush-placeholder-width: 1024px; --smush-placeholder-aspect-ratio: 1024\/497;\" \/><\/figure>\n\n\n\n<figure class=\"wp-block-image size-large\"><img decoding=\"async\" width=\"1024\" height=\"497\" data-attachment-id=\"109993\" data-permalink=\"https:\/\/eldiariodesanpedro.com.ar\/sitio\/nuevo-equipamiento-y-amplio-plan-de-mejoras-en-el-hospital\/whatsapp-image-2022-08-23-at-6-19-17-pm-2\/\" data-orig-file=\"https:\/\/eldiariodesanpedro.com.ar\/sitio\/wp-content\/uploads\/2022\/08\/WhatsApp-Image-2022-08-23-at-6.19.17-PM-2.jpeg\" data-orig-size=\"1200,583\" data-comments-opened=\"0\" data-image-meta=\"{&quot;aperture&quot;:&quot;0&quot;,&quot;credit&quot;:&quot;&quot;,&quot;camera&quot;:&quot;&quot;,&quot;caption&quot;:&quot;&quot;,&quot;created_timestamp&quot;:&quot;0&quot;,&quot;copyright&quot;:&quot;&quot;,&quot;focal_length&quot;:&quot;0&quot;,&quot;iso&quot;:&quot;0&quot;,&quot;shutter_speed&quot;:&quot;0&quot;,&quot;title&quot;:&quot;&quot;,&quot;orientation&quot;:&quot;0&quot;}\" data-image-title=\"WhatsApp Image 2022-08-23 at 6.19.17 PM (2)\" data-image-description=\"\" data-image-caption=\"\" data-large-file=\"https:\/\/eldiariodesanpedro.com.ar\/sitio\/wp-content\/uploads\/2022\/08\/WhatsApp-Image-2022-08-23-at-6.19.17-PM-2-1024x497.jpeg\" data-src=\"https:\/\/eldiariodesanpedro.com.ar\/sitio\/wp-content\/uploads\/2022\/08\/WhatsApp-Image-2022-08-23-at-6.19.17-PM-2-1024x497.jpeg\" alt=\"\" class=\"wp-image-109993 lazyload\" data-srcset=\"https:\/\/eldiariodesanpedro.com.ar\/sitio\/wp-content\/uploads\/2022\/08\/WhatsApp-Image-2022-08-23-at-6.19.17-PM-2-1024x497.jpeg 1024w, https:\/\/eldiariodesanpedro.com.ar\/sitio\/wp-content\/uploads\/2022\/08\/WhatsApp-Image-2022-08-23-at-6.19.17-PM-2-300x146.jpeg 300w, https:\/\/eldiariodesanpedro.com.ar\/sitio\/wp-content\/uploads\/2022\/08\/WhatsApp-Image-2022-08-23-at-6.19.17-PM-2-768x373.jpeg 768w, https:\/\/eldiariodesanpedro.com.ar\/sitio\/wp-content\/uploads\/2022\/08\/WhatsApp-Image-2022-08-23-at-6.19.17-PM-2.jpeg 1200w\" data-sizes=\"(max-width: 1024px) 100vw, 1024px\" src=\"data:image\/svg+xml;base64,PHN2ZyB3aWR0aD0iMSIgaGVpZ2h0PSIxIiB4bWxucz0iaHR0cDovL3d3dy53My5vcmcvMjAwMC9zdmciPjwvc3ZnPg==\" style=\"--smush-placeholder-width: 1024px; --smush-placeholder-aspect-ratio: 1024\/497;\" \/><\/figure>\n","protected":false},"excerpt":{"rendered":"<p>Esta ma\u00f1ana el Intendente Municipal Dr. Ram\u00f3n Salazar present\u00f3 junto al Secretario de Salud Dr. Pablo Pichioni, el Director del Hospital Dr. Daniel Creus y el Director Administrativo Roberto Borgo, importantes elementos que se incorporan a la infraestructura del Hospital, con inversiones genuinas producidas por la gesti\u00f3n del Plan Sumar y una donaci\u00f3n muy importante [&hellip;]<\/p>\n","protected":false},"author":4,"featured_media":109992,"comment_status":"closed","ping_status":"closed","sticky":false,"template":"","format":"standard","meta":{"om_disable_all_campaigns":false,"_jetpack_memberships_contains_paid_content":false,"footnotes":""},"categories":[50,101,2],"tags":[197,696,33,2983,19],"class_list":["post-109990","post","type-post","status-publish","format-standard","has-post-thumbnail","hentry","category-destacadas","category-interes-general-locales","category-locales","tag-buenos-aires","tag-interes-general","tag-locales","tag-nuevo-equipamiento-y-amplio-plan-de-mejoras-en-el-hospital","tag-san-pedro"],"aioseo_notices":[],"gutentor_comment":0,"jetpack_featured_media_url":"https:\/\/eldiariodesanpedro.com.ar\/sitio\/wp-content\/uploads\/2022\/08\/WhatsApp-Image-2022-08-23-at-6.19.16-PM.jpeg","jetpack_shortlink":"https:\/\/wp.me\/p6RhLt-sC2","jetpack_sharing_enabled":true,"_links":{"self":[{"href":"https:\/\/eldiariodesanpedro.com.ar\/sitio\/wp-json\/wp\/v2\/posts\/109990","targetHints":{"allow":["GET"]}}],"collection":[{"href":"https:\/\/eldiariodesanpedro.com.ar\/sitio\/wp-json\/wp\/v2\/posts"}],"about":[{"href":"https:\/\/eldiariodesanpedro.com.ar\/sitio\/wp-json\/wp\/v2\/types\/post"}],"author":[{"embeddable":true,"href":"https:\/\/eldiariodesanpedro.com.ar\/sitio\/wp-json\/wp\/v2\/users\/4"}],"replies":[{"embeddable":true,"href":"https:\/\/eldiariodesanpedro.com.ar\/sitio\/wp-json\/wp\/v2\/comments?post=109990"}],"version-history":[{"count":2,"href":"https:\/\/eldiariodesanpedro.com.ar\/sitio\/wp-json\/wp\/v2\/posts\/109990\/revisions"}],"predecessor-version":[{"id":109995,"href":"https:\/\/eldiariodesanpedro.com.ar\/sitio\/wp-json\/wp\/v2\/posts\/109990\/revisions\/109995"}],"wp:featuredmedia":[{"embeddable":true,"href":"https:\/\/eldiariodesanpedro.com.ar\/sitio\/wp-json\/wp\/v2\/media\/109992"}],"wp:attachment":[{"href":"https:\/\/eldiariodesanpedro.com.ar\/sitio\/wp-json\/wp\/v2\/media?parent=109990"}],"wp:term":[{"taxonomy":"category","embeddable":true,"href":"https:\/\/eldiariodesanpedro.com.ar\/sitio\/wp-json\/wp\/v2\/categories?post=109990"},{"taxonomy":"post_tag","embeddable":true,"href":"https:\/\/eldiariodesanpedro.com.ar\/sitio\/wp-json\/wp\/v2\/tags?post=109990"}],"curies":[{"name":"wp","href":"https:\/\/api.w.org\/{rel}","templated":true}]}}