{"id":109987,"date":"2022-08-23T18:14:11","date_gmt":"2022-08-23T21:14:11","guid":{"rendered":"https:\/\/eldiariodesanpedro.com.ar\/sitio\/?p=109987"},"modified":"2022-08-23T18:14:12","modified_gmt":"2022-08-23T21:14:12","slug":"comenzaron-los-trabajos-de-pintura-en-el-palacio-municipal","status":"publish","type":"post","link":"https:\/\/eldiariodesanpedro.com.ar\/sitio\/comenzaron-los-trabajos-de-pintura-en-el-palacio-municipal\/","title":{"rendered":"Comenzaron los trabajos de pintura en el palacio municipal"},"content":{"rendered":"<!-- VideographyWP Plugin Message: Automatic video embedding prevented by plugin options. -->\n\n<p>Culminadas las tareas previas el lunes dio inicio la etapa final que consiste en la reparaci\u00f3n general del frente.<\/p>\n\n\n\n<p>El lunes por la ma\u00f1ana dieron comienzo las tareas de pintura sobre el frente del edificio de la municipalidad.<\/p>\n\n\n\n<p>Las refacciones son totales y est\u00e1n a cargo de los pintores locales Claudio Ortega y Gustavo Penino que realizar\u00e1n la pintura general del lugar.<\/p>\n\n\n\n<p>Los colores elegidos son en tonos de marr\u00f3n resaltando la particular arquitectura que presenta la hist\u00f3rica construcci\u00f3n.<\/p>\n\n\n\n<p>Los tonos fueron elegidos por el propio Intendente Ram\u00f3n Salazar, quien tras evaluarlo con su equipo se inclin\u00f3 por los colores antes mencionado.<\/p>\n\n\n\n<p>La \u00faltima vez que el edificio hab\u00eda sido pintado fue durante la gesti\u00f3n de Mario Barbieri como Intendente y los trabajos los hab\u00eda realizado otro ex Intendente Pablo Guacone.<\/p>\n","protected":false},"excerpt":{"rendered":"<p>Culminadas las tareas previas el lunes dio inicio la etapa final que consiste en la reparaci\u00f3n general del frente. El lunes por la ma\u00f1ana dieron comienzo las tareas de pintura sobre el frente del edificio de la municipalidad. Las refacciones son totales y est\u00e1n a cargo de los pintores locales Claudio Ortega y Gustavo Penino [&hellip;]<\/p>\n","protected":false},"author":4,"featured_media":109988,"comment_status":"closed","ping_status":"closed","sticky":false,"template":"","format":"standard","meta":{"om_disable_all_campaigns":false,"_jetpack_memberships_contains_paid_content":false,"footnotes":""},"categories":[101,2],"tags":[197,696,33,19],"class_list":["post-109987","post","type-post","status-publish","format-standard","has-post-thumbnail","hentry","category-interes-general-locales","category-locales","tag-buenos-aires","tag-interes-general","tag-locales","tag-san-pedro"],"aioseo_notices":[],"gutentor_comment":0,"jetpack_featured_media_url":"https:\/\/eldiariodesanpedro.com.ar\/sitio\/wp-content\/uploads\/2022\/08\/0000021156-resized-1920x1080-1.jpg","jetpack_shortlink":"https:\/\/wp.me\/p6RhLt-sBZ","jetpack_sharing_enabled":true,"_links":{"self":[{"href":"https:\/\/eldiariodesanpedro.com.ar\/sitio\/wp-json\/wp\/v2\/posts\/109987","targetHints":{"allow":["GET"]}}],"collection":[{"href":"https:\/\/eldiariodesanpedro.com.ar\/sitio\/wp-json\/wp\/v2\/posts"}],"about":[{"href":"https:\/\/eldiariodesanpedro.com.ar\/sitio\/wp-json\/wp\/v2\/types\/post"}],"author":[{"embeddable":true,"href":"https:\/\/eldiariodesanpedro.com.ar\/sitio\/wp-json\/wp\/v2\/users\/4"}],"replies":[{"embeddable":true,"href":"https:\/\/eldiariodesanpedro.com.ar\/sitio\/wp-json\/wp\/v2\/comments?post=109987"}],"version-history":[{"count":1,"href":"https:\/\/eldiariodesanpedro.com.ar\/sitio\/wp-json\/wp\/v2\/posts\/109987\/revisions"}],"predecessor-version":[{"id":109989,"href":"https:\/\/eldiariodesanpedro.com.ar\/sitio\/wp-json\/wp\/v2\/posts\/109987\/revisions\/109989"}],"wp:featuredmedia":[{"embeddable":true,"href":"https:\/\/eldiariodesanpedro.com.ar\/sitio\/wp-json\/wp\/v2\/media\/109988"}],"wp:attachment":[{"href":"https:\/\/eldiariodesanpedro.com.ar\/sitio\/wp-json\/wp\/v2\/media?parent=109987"}],"wp:term":[{"taxonomy":"category","embeddable":true,"href":"https:\/\/eldiariodesanpedro.com.ar\/sitio\/wp-json\/wp\/v2\/categories?post=109987"},{"taxonomy":"post_tag","embeddable":true,"href":"https:\/\/eldiariodesanpedro.com.ar\/sitio\/wp-json\/wp\/v2\/tags?post=109987"}],"curies":[{"name":"wp","href":"https:\/\/api.w.org\/{rel}","templated":true}]}}