{"id":109982,"date":"2022-08-23T10:06:10","date_gmt":"2022-08-23T13:06:10","guid":{"rendered":"https:\/\/eldiariodesanpedro.com.ar\/sitio\/?p=109982"},"modified":"2022-08-23T10:06:11","modified_gmt":"2022-08-23T13:06:11","slug":"una-joven-denuncio-ser-abusada-golpeada-drogada-y-secuestrada","status":"publish","type":"post","link":"https:\/\/eldiariodesanpedro.com.ar\/sitio\/una-joven-denuncio-ser-abusada-golpeada-drogada-y-secuestrada\/","title":{"rendered":"Una joven denunci\u00f3 ser abusada, golpeada, drogada y secuestrada"},"content":{"rendered":"<!-- VideographyWP Plugin Message: Automatic video embedding prevented by plugin options. -->\n\n<p>En la jornada de ayer se recibi\u00f3 una denuncia en la comisar\u00eda de la mujer y la familia de San Pedro por parte de una joven que declar\u00f3 haber sido retenida contra su voluntad adem\u00e1s de abusada, violada y golpeada.<\/p>\n\n\n\n<p>El hecho ocurri\u00f3 d\u00edas atr\u00e1s cuando la joven denunciante de 18 a\u00f1os de edad fue a la casa de la persona acusada de abusar de ella con otras dos amigas.<\/p>\n\n\n\n<p>Seg\u00fan redacta la denuncia hecha en la comisar\u00eda de la mujer, la v\u00edctima habr\u00eda sido drogada por parte del presunto abusador que habr\u00eda puesto alguna droga dentro de un vaso de agua, de esta manera la joven qued\u00f3 adormecida.<\/p>\n\n\n\n<p>El acusado habr\u00eda amenazado a las otras dos personas para que se retiraran del lugar.<\/p>\n\n\n\n<p>Tras ser drogada este sujeto habr\u00eda abusado sexualmente, golpeado y tenido cautiva a la joven durante dos d\u00edas, cuando en un descuido la mujer se pudo dar a la fuga dando aviso a las autoridades y su familia.<\/p>\n\n\n\n<p>Tom\u00f3 intervenci\u00f3n la Secretaria de Mujeres, G\u00e9nero y Diversidad liderada por Laura Monfasani quienes brindaron la contenci\u00f3n de la v\u00edctima y resguardaron su identidad.<\/p>\n\n\n\n<p>Adem\u00e1s se realiz\u00f3 una restricci\u00f3n perimetral para que la persona denunciada como abusador no se acerque a la v\u00edctima.<\/p>\n\n\n\n<p>Por el momento no se realiz\u00f3 ning\u00fan orden de detenci\u00f3n de esta persona.<\/p>\n","protected":false},"excerpt":{"rendered":"<p>En la jornada de ayer se recibi\u00f3 una denuncia en la comisar\u00eda de la mujer y la familia de San Pedro por parte de una joven que declar\u00f3 haber sido retenida contra su voluntad adem\u00e1s de abusada, violada y golpeada. El hecho ocurri\u00f3 d\u00edas atr\u00e1s cuando la joven denunciante de 18 a\u00f1os de edad fue [&hellip;]<\/p>\n","protected":false},"author":4,"featured_media":80098,"comment_status":"closed","ping_status":"closed","sticky":false,"template":"","format":"standard","meta":{"om_disable_all_campaigns":false,"_jetpack_memberships_contains_paid_content":false,"footnotes":""},"categories":[50,2,103],"tags":[197,33,95,19],"class_list":["post-109982","post","type-post","status-publish","format-standard","has-post-thumbnail","hentry","category-destacadas","category-locales","category-policiales-locales","tag-buenos-aires","tag-locales","tag-policiales","tag-san-pedro"],"aioseo_notices":[],"gutentor_comment":0,"jetpack_featured_media_url":"https:\/\/eldiariodesanpedro.com.ar\/sitio\/wp-content\/uploads\/2020\/08\/la-comisaria-de-la-mujer___w9ngJVkEw_640x361__1.jpg","jetpack_shortlink":"https:\/\/wp.me\/p6RhLt-sBU","jetpack_sharing_enabled":true,"_links":{"self":[{"href":"https:\/\/eldiariodesanpedro.com.ar\/sitio\/wp-json\/wp\/v2\/posts\/109982","targetHints":{"allow":["GET"]}}],"collection":[{"href":"https:\/\/eldiariodesanpedro.com.ar\/sitio\/wp-json\/wp\/v2\/posts"}],"about":[{"href":"https:\/\/eldiariodesanpedro.com.ar\/sitio\/wp-json\/wp\/v2\/types\/post"}],"author":[{"embeddable":true,"href":"https:\/\/eldiariodesanpedro.com.ar\/sitio\/wp-json\/wp\/v2\/users\/4"}],"replies":[{"embeddable":true,"href":"https:\/\/eldiariodesanpedro.com.ar\/sitio\/wp-json\/wp\/v2\/comments?post=109982"}],"version-history":[{"count":1,"href":"https:\/\/eldiariodesanpedro.com.ar\/sitio\/wp-json\/wp\/v2\/posts\/109982\/revisions"}],"predecessor-version":[{"id":109983,"href":"https:\/\/eldiariodesanpedro.com.ar\/sitio\/wp-json\/wp\/v2\/posts\/109982\/revisions\/109983"}],"wp:featuredmedia":[{"embeddable":true,"href":"https:\/\/eldiariodesanpedro.com.ar\/sitio\/wp-json\/wp\/v2\/media\/80098"}],"wp:attachment":[{"href":"https:\/\/eldiariodesanpedro.com.ar\/sitio\/wp-json\/wp\/v2\/media?parent=109982"}],"wp:term":[{"taxonomy":"category","embeddable":true,"href":"https:\/\/eldiariodesanpedro.com.ar\/sitio\/wp-json\/wp\/v2\/categories?post=109982"},{"taxonomy":"post_tag","embeddable":true,"href":"https:\/\/eldiariodesanpedro.com.ar\/sitio\/wp-json\/wp\/v2\/tags?post=109982"}],"curies":[{"name":"wp","href":"https:\/\/api.w.org\/{rel}","templated":true}]}}