{"id":109970,"date":"2022-08-23T09:32:30","date_gmt":"2022-08-23T12:32:30","guid":{"rendered":"https:\/\/eldiariodesanpedro.com.ar\/sitio\/?p=109970"},"modified":"2022-08-23T09:36:09","modified_gmt":"2022-08-23T12:36:09","slug":"tres-oferentes-para-la-adquisicion-de-70-paneles-de-alarmas-vecinales-y-la-app-alerta-san-pedro","status":"publish","type":"post","link":"https:\/\/eldiariodesanpedro.com.ar\/sitio\/tres-oferentes-para-la-adquisicion-de-70-paneles-de-alarmas-vecinales-y-la-app-alerta-san-pedro\/","title":{"rendered":"Tres oferentes para la adquisici\u00f3n de 70 paneles de alarmas vecinales y la App \u201cAlerta San Pedro\u201d"},"content":{"rendered":"<!-- VideographyWP Plugin Message: Automatic video embedding prevented by plugin options. -->\n\n<p>Este lunes en la Secretar\u00eda de Gobierno se cumpli\u00f3 con la apertura de sobres para darle ingreso formal a las propuestas presentadas en el llamado a licitaci\u00f3n p\u00fablica N\u00b0 13\/22 para la adquisici\u00f3n de 70 paneles de alarmas vecinales y la App \u201cAlerta San Pedro\u201d, que podr\u00e1 ser descargada por los vecinos para acceder a un men\u00fa con opciones para contactar con Polic\u00eda, la Secretar\u00eda de Pol\u00edticas de G\u00e9nero, Mujeres y Diversidad y Defensa Civil.<br>Adem\u00e1s, contar\u00e1 con bot\u00f3n antipanico, la posibilidad de disparar la alarma vecinal y articular tanto con polic\u00eda como con el centro de monitoreo de la Secretar\u00eda de Seguridad de la Municipalidad de San Pedro.<\/p>\n\n\n\n<p>El acto de apertura, que pudo ser seguido por los oferentes a trav\u00e9s de una videoconferencia, cont\u00f3 con la participaci\u00f3n del Secretario de Seguridad, Diego Solana; el Secretario de Econom\u00eda y Hacienda, Fabi\u00e1n Rodr\u00edguez; la Jefa de Compras y Suministros, Gloria Su\u00e1rez; la Directora de Contadur\u00eda Cra. Mariana Giosa y en representaci\u00f3n de Asesor\u00eda Letrada la abogada Dra. Luisa Garc\u00eda.<\/p>\n\n\n\n<p>Se presentaron tres propuestas correspondientes a las empresas \u201cCubo Tech S.R.L.\u201d, \u201cPlettac Electronics Argentina S.A.\u201d y \u201cBasapp S.R.L.\u201d que comienzan a recorrer ahora el per\u00edodo de an\u00e1lisis hasta la adjudicaci\u00f3n.<\/p>\n\n\n\n<figure class=\"wp-block-image size-full\"><img decoding=\"async\" width=\"840\" height=\"630\" data-attachment-id=\"109971\" data-permalink=\"https:\/\/eldiariodesanpedro.com.ar\/sitio\/tres-oferentes-para-la-adquisicion-de-70-paneles-de-alarmas-vecinales-y-la-app-alerta-san-pedro\/whatsapp-image-2022-08-22-at-1-02-32-pm\/\" data-orig-file=\"https:\/\/eldiariodesanpedro.com.ar\/sitio\/wp-content\/uploads\/2022\/08\/WhatsApp-Image-2022-08-22-at-1.02.32-PM.jpeg\" data-orig-size=\"840,630\" data-comments-opened=\"0\" data-image-meta=\"{&quot;aperture&quot;:&quot;0&quot;,&quot;credit&quot;:&quot;&quot;,&quot;camera&quot;:&quot;&quot;,&quot;caption&quot;:&quot;&quot;,&quot;created_timestamp&quot;:&quot;0&quot;,&quot;copyright&quot;:&quot;&quot;,&quot;focal_length&quot;:&quot;0&quot;,&quot;iso&quot;:&quot;0&quot;,&quot;shutter_speed&quot;:&quot;0&quot;,&quot;title&quot;:&quot;&quot;,&quot;orientation&quot;:&quot;0&quot;}\" data-image-title=\"WhatsApp Image 2022-08-22 at 1.02.32 PM\" data-image-description=\"\" data-image-caption=\"\" data-large-file=\"https:\/\/eldiariodesanpedro.com.ar\/sitio\/wp-content\/uploads\/2022\/08\/WhatsApp-Image-2022-08-22-at-1.02.32-PM.jpeg\" data-src=\"https:\/\/eldiariodesanpedro.com.ar\/sitio\/wp-content\/uploads\/2022\/08\/WhatsApp-Image-2022-08-22-at-1.02.32-PM.jpeg\" alt=\"\" class=\"wp-image-109971 lazyload\" data-srcset=\"https:\/\/eldiariodesanpedro.com.ar\/sitio\/wp-content\/uploads\/2022\/08\/WhatsApp-Image-2022-08-22-at-1.02.32-PM.jpeg 840w, https:\/\/eldiariodesanpedro.com.ar\/sitio\/wp-content\/uploads\/2022\/08\/WhatsApp-Image-2022-08-22-at-1.02.32-PM-300x225.jpeg 300w, https:\/\/eldiariodesanpedro.com.ar\/sitio\/wp-content\/uploads\/2022\/08\/WhatsApp-Image-2022-08-22-at-1.02.32-PM-768x576.jpeg 768w, https:\/\/eldiariodesanpedro.com.ar\/sitio\/wp-content\/uploads\/2022\/08\/WhatsApp-Image-2022-08-22-at-1.02.32-PM-272x204.jpeg 272w\" data-sizes=\"(max-width: 840px) 100vw, 840px\" src=\"data:image\/svg+xml;base64,PHN2ZyB3aWR0aD0iMSIgaGVpZ2h0PSIxIiB4bWxucz0iaHR0cDovL3d3dy53My5vcmcvMjAwMC9zdmciPjwvc3ZnPg==\" style=\"--smush-placeholder-width: 840px; --smush-placeholder-aspect-ratio: 840\/630;\" \/><\/figure>\n\n\n\n<figure class=\"wp-block-image size-full\"><img decoding=\"async\" width=\"840\" height=\"630\" data-attachment-id=\"109972\" data-permalink=\"https:\/\/eldiariodesanpedro.com.ar\/sitio\/tres-oferentes-para-la-adquisicion-de-70-paneles-de-alarmas-vecinales-y-la-app-alerta-san-pedro\/whatsapp-image-2022-08-22-at-1-02-33-pm\/\" data-orig-file=\"https:\/\/eldiariodesanpedro.com.ar\/sitio\/wp-content\/uploads\/2022\/08\/WhatsApp-Image-2022-08-22-at-1.02.33-PM.jpeg\" data-orig-size=\"840,630\" data-comments-opened=\"0\" data-image-meta=\"{&quot;aperture&quot;:&quot;0&quot;,&quot;credit&quot;:&quot;&quot;,&quot;camera&quot;:&quot;&quot;,&quot;caption&quot;:&quot;&quot;,&quot;created_timestamp&quot;:&quot;0&quot;,&quot;copyright&quot;:&quot;&quot;,&quot;focal_length&quot;:&quot;0&quot;,&quot;iso&quot;:&quot;0&quot;,&quot;shutter_speed&quot;:&quot;0&quot;,&quot;title&quot;:&quot;&quot;,&quot;orientation&quot;:&quot;0&quot;}\" data-image-title=\"WhatsApp Image 2022-08-22 at 1.02.33 PM\" data-image-description=\"\" data-image-caption=\"\" data-large-file=\"https:\/\/eldiariodesanpedro.com.ar\/sitio\/wp-content\/uploads\/2022\/08\/WhatsApp-Image-2022-08-22-at-1.02.33-PM.jpeg\" data-src=\"https:\/\/eldiariodesanpedro.com.ar\/sitio\/wp-content\/uploads\/2022\/08\/WhatsApp-Image-2022-08-22-at-1.02.33-PM.jpeg\" alt=\"\" class=\"wp-image-109972 lazyload\" data-srcset=\"https:\/\/eldiariodesanpedro.com.ar\/sitio\/wp-content\/uploads\/2022\/08\/WhatsApp-Image-2022-08-22-at-1.02.33-PM.jpeg 840w, https:\/\/eldiariodesanpedro.com.ar\/sitio\/wp-content\/uploads\/2022\/08\/WhatsApp-Image-2022-08-22-at-1.02.33-PM-300x225.jpeg 300w, https:\/\/eldiariodesanpedro.com.ar\/sitio\/wp-content\/uploads\/2022\/08\/WhatsApp-Image-2022-08-22-at-1.02.33-PM-768x576.jpeg 768w, https:\/\/eldiariodesanpedro.com.ar\/sitio\/wp-content\/uploads\/2022\/08\/WhatsApp-Image-2022-08-22-at-1.02.33-PM-272x204.jpeg 272w\" data-sizes=\"(max-width: 840px) 100vw, 840px\" src=\"data:image\/svg+xml;base64,PHN2ZyB3aWR0aD0iMSIgaGVpZ2h0PSIxIiB4bWxucz0iaHR0cDovL3d3dy53My5vcmcvMjAwMC9zdmciPjwvc3ZnPg==\" style=\"--smush-placeholder-width: 840px; --smush-placeholder-aspect-ratio: 840\/630;\" \/><\/figure>\n","protected":false},"excerpt":{"rendered":"<p>Este lunes en la Secretar\u00eda de Gobierno se cumpli\u00f3 con la apertura de sobres para darle ingreso formal a las propuestas presentadas en el llamado a licitaci\u00f3n p\u00fablica N\u00b0 13\/22 para la adquisici\u00f3n de 70 paneles de alarmas vecinales y la App \u201cAlerta San Pedro\u201d, que podr\u00e1 ser descargada por los vecinos para acceder a [&hellip;]<\/p>\n","protected":false},"author":4,"featured_media":109973,"comment_status":"closed","ping_status":"closed","sticky":false,"template":"","format":"standard","meta":{"om_disable_all_campaigns":false,"_jetpack_memberships_contains_paid_content":false,"footnotes":""},"categories":[50,101,2],"tags":[197,696,33,19],"class_list":["post-109970","post","type-post","status-publish","format-standard","has-post-thumbnail","hentry","category-destacadas","category-interes-general-locales","category-locales","tag-buenos-aires","tag-interes-general","tag-locales","tag-san-pedro"],"aioseo_notices":[],"gutentor_comment":0,"jetpack_featured_media_url":"https:\/\/eldiariodesanpedro.com.ar\/sitio\/wp-content\/uploads\/2022\/08\/WhatsApp-Image-2022-08-22-at-1.02.33-PM-1.jpeg","jetpack_shortlink":"https:\/\/wp.me\/p6RhLt-sBI","jetpack_sharing_enabled":true,"_links":{"self":[{"href":"https:\/\/eldiariodesanpedro.com.ar\/sitio\/wp-json\/wp\/v2\/posts\/109970","targetHints":{"allow":["GET"]}}],"collection":[{"href":"https:\/\/eldiariodesanpedro.com.ar\/sitio\/wp-json\/wp\/v2\/posts"}],"about":[{"href":"https:\/\/eldiariodesanpedro.com.ar\/sitio\/wp-json\/wp\/v2\/types\/post"}],"author":[{"embeddable":true,"href":"https:\/\/eldiariodesanpedro.com.ar\/sitio\/wp-json\/wp\/v2\/users\/4"}],"replies":[{"embeddable":true,"href":"https:\/\/eldiariodesanpedro.com.ar\/sitio\/wp-json\/wp\/v2\/comments?post=109970"}],"version-history":[{"count":2,"href":"https:\/\/eldiariodesanpedro.com.ar\/sitio\/wp-json\/wp\/v2\/posts\/109970\/revisions"}],"predecessor-version":[{"id":109975,"href":"https:\/\/eldiariodesanpedro.com.ar\/sitio\/wp-json\/wp\/v2\/posts\/109970\/revisions\/109975"}],"wp:featuredmedia":[{"embeddable":true,"href":"https:\/\/eldiariodesanpedro.com.ar\/sitio\/wp-json\/wp\/v2\/media\/109973"}],"wp:attachment":[{"href":"https:\/\/eldiariodesanpedro.com.ar\/sitio\/wp-json\/wp\/v2\/media?parent=109970"}],"wp:term":[{"taxonomy":"category","embeddable":true,"href":"https:\/\/eldiariodesanpedro.com.ar\/sitio\/wp-json\/wp\/v2\/categories?post=109970"},{"taxonomy":"post_tag","embeddable":true,"href":"https:\/\/eldiariodesanpedro.com.ar\/sitio\/wp-json\/wp\/v2\/tags?post=109970"}],"curies":[{"name":"wp","href":"https:\/\/api.w.org\/{rel}","templated":true}]}}