{"id":109967,"date":"2022-08-23T09:15:22","date_gmt":"2022-08-23T12:15:22","guid":{"rendered":"https:\/\/eldiariodesanpedro.com.ar\/sitio\/?p=109967"},"modified":"2022-08-23T09:15:23","modified_gmt":"2022-08-23T12:15:23","slug":"tiros-y-robo-en-un-complejo-de-cabanas","status":"publish","type":"post","link":"https:\/\/eldiariodesanpedro.com.ar\/sitio\/tiros-y-robo-en-un-complejo-de-cabanas\/","title":{"rendered":"Tiros y robo en un complejo de caba\u00f1as"},"content":{"rendered":"<!-- VideographyWP Plugin Message: Automatic video embedding prevented by plugin options. -->\n\n<p>Sucedi\u00f3 en la noche del domingo cuando no hab\u00eda personas hospedadas. Fueron dos los lugares afectados y en uno de ellos se produjo un intercambios de disparos entre el cuidador y los delincuentes.<\/p>\n\n\n\n<p>Momentos de mucha tensi\u00f3n se vivieron en la noche del domingo cuando un grupo de delincuentes pretendi\u00f3 cometer un hecho en dos establecimientos tur\u00edsticos de la zona suburbana de la ciudad.<\/p>\n\n\n\n<p>Todo comenz\u00f3 alrededor de las 22 horas cuando los ladrones ingresaron al complejo La Calandria y sustrajeron un televisor y ropa de cama.<\/p>\n\n\n\n<p>Posteriormente intentaron hacer lo mismo en un establecimiento vecino, The Bakers, ubicado sobre el Callej\u00f3n Vivero los 2 Pinos al 700, pero se encontraron con la resistencia del cuidador que evit\u00f3 el robo a los tiros.<\/p>\n\n\n\n<p>\u00abEran tres los delincuentes que ingresaron al predio de cuatro hect\u00e1reas que tenemos\u00bb, cont\u00f3 Mabel Prado en el aire de FM G\u00e9nesis.<\/p>\n\n\n\n<p>\u00abCortaron la luz del lugar pero el cuidador se dio cuenta de lo que estaba sucediendo y reaccion\u00f3\u00bb.<\/p>\n\n\n\n<p>Los asaltantes evidentemente conoc\u00edan el lugar porque fueron directamente a donde estaban las llaves que interrumpen las luz, y pretendieron aprovechar la oscuridad para llevarse distintas pertenencias pero no lo lograron.<\/p>\n\n\n\n<p>Al producirse el intercambio de disparos los delincuentes huyeron pero adem\u00e1s con las primeras luces del d\u00eda fueron halladas las pertenencias sustra\u00edas en el otro complejo. Encontraron el televisor envuelto en una frazada.<\/p>\n","protected":false},"excerpt":{"rendered":"<p>Sucedi\u00f3 en la noche del domingo cuando no hab\u00eda personas hospedadas. Fueron dos los lugares afectados y en uno de ellos se produjo un intercambios de disparos entre el cuidador y los delincuentes. Momentos de mucha tensi\u00f3n se vivieron en la noche del domingo cuando un grupo de delincuentes pretendi\u00f3 cometer un hecho en dos [&hellip;]<\/p>\n","protected":false},"author":4,"featured_media":109968,"comment_status":"closed","ping_status":"closed","sticky":false,"template":"","format":"standard","meta":{"om_disable_all_campaigns":false,"_jetpack_memberships_contains_paid_content":false,"footnotes":""},"categories":[50,101,2],"tags":[197,696,33,19],"class_list":["post-109967","post","type-post","status-publish","format-standard","has-post-thumbnail","hentry","category-destacadas","category-interes-general-locales","category-locales","tag-buenos-aires","tag-interes-general","tag-locales","tag-san-pedro"],"aioseo_notices":[],"gutentor_comment":0,"jetpack_featured_media_url":"https:\/\/eldiariodesanpedro.com.ar\/sitio\/wp-content\/uploads\/2022\/08\/0000021151-resized-1920x1080-1.jpg","jetpack_shortlink":"https:\/\/wp.me\/p6RhLt-sBF","jetpack_sharing_enabled":true,"_links":{"self":[{"href":"https:\/\/eldiariodesanpedro.com.ar\/sitio\/wp-json\/wp\/v2\/posts\/109967","targetHints":{"allow":["GET"]}}],"collection":[{"href":"https:\/\/eldiariodesanpedro.com.ar\/sitio\/wp-json\/wp\/v2\/posts"}],"about":[{"href":"https:\/\/eldiariodesanpedro.com.ar\/sitio\/wp-json\/wp\/v2\/types\/post"}],"author":[{"embeddable":true,"href":"https:\/\/eldiariodesanpedro.com.ar\/sitio\/wp-json\/wp\/v2\/users\/4"}],"replies":[{"embeddable":true,"href":"https:\/\/eldiariodesanpedro.com.ar\/sitio\/wp-json\/wp\/v2\/comments?post=109967"}],"version-history":[{"count":1,"href":"https:\/\/eldiariodesanpedro.com.ar\/sitio\/wp-json\/wp\/v2\/posts\/109967\/revisions"}],"predecessor-version":[{"id":109969,"href":"https:\/\/eldiariodesanpedro.com.ar\/sitio\/wp-json\/wp\/v2\/posts\/109967\/revisions\/109969"}],"wp:featuredmedia":[{"embeddable":true,"href":"https:\/\/eldiariodesanpedro.com.ar\/sitio\/wp-json\/wp\/v2\/media\/109968"}],"wp:attachment":[{"href":"https:\/\/eldiariodesanpedro.com.ar\/sitio\/wp-json\/wp\/v2\/media?parent=109967"}],"wp:term":[{"taxonomy":"category","embeddable":true,"href":"https:\/\/eldiariodesanpedro.com.ar\/sitio\/wp-json\/wp\/v2\/categories?post=109967"},{"taxonomy":"post_tag","embeddable":true,"href":"https:\/\/eldiariodesanpedro.com.ar\/sitio\/wp-json\/wp\/v2\/tags?post=109967"}],"curies":[{"name":"wp","href":"https:\/\/api.w.org\/{rel}","templated":true}]}}