{"id":109964,"date":"2022-08-23T09:00:40","date_gmt":"2022-08-23T12:00:40","guid":{"rendered":"https:\/\/eldiariodesanpedro.com.ar\/sitio\/?p=109964"},"modified":"2022-08-23T09:00:41","modified_gmt":"2022-08-23T12:00:41","slug":"sergio-berni-llega-a-san-pedro-este-martes","status":"publish","type":"post","link":"https:\/\/eldiariodesanpedro.com.ar\/sitio\/sergio-berni-llega-a-san-pedro-este-martes\/","title":{"rendered":"Sergio Berni llega a San Pedro este martes"},"content":{"rendered":"<!-- VideographyWP Plugin Message: Automatic video embedding prevented by plugin options. -->\n\n<p>El ministro de seguridad bonaerense estar\u00e1 en la ciudad a mitad de ma\u00f1ana y cumplir\u00e1 con lo prometido al Secretario Diego Solana.<\/p>\n\n\n\n<p>Luego de hab\u00e9rselo comunicado personalmente al Secretario de Seguridad Diego Solana, el ministro de seguridad de la Provincia de Buenos Aires, Sergio Berni, estar\u00e1 en San Pedro para hacer entrega de nuevos m\u00f3viles a la polic\u00eda de la ciudad.<\/p>\n\n\n\n<p>El funcionario arribar\u00e1 a la ciudad a las 10 horas, se dirigir\u00e1 al municipio y all\u00ed har\u00e1 entrega de 5 patrulleros.<\/p>\n\n\n\n<p>Previamente participar\u00e1 de la entrega de veh\u00edculos en la ciudad de Pergamino.<\/p>\n","protected":false},"excerpt":{"rendered":"<p>El ministro de seguridad bonaerense estar\u00e1 en la ciudad a mitad de ma\u00f1ana y cumplir\u00e1 con lo prometido al Secretario Diego Solana. Luego de hab\u00e9rselo comunicado personalmente al Secretario de Seguridad Diego Solana, el ministro de seguridad de la Provincia de Buenos Aires, Sergio Berni, estar\u00e1 en San Pedro para hacer entrega de nuevos m\u00f3viles [&hellip;]<\/p>\n","protected":false},"author":4,"featured_media":109965,"comment_status":"closed","ping_status":"closed","sticky":false,"template":"","format":"standard","meta":{"om_disable_all_campaigns":false,"_jetpack_memberships_contains_paid_content":false,"footnotes":""},"categories":[50,101,2],"tags":[197,696,33,19],"class_list":["post-109964","post","type-post","status-publish","format-standard","has-post-thumbnail","hentry","category-destacadas","category-interes-general-locales","category-locales","tag-buenos-aires","tag-interes-general","tag-locales","tag-san-pedro"],"aioseo_notices":[],"gutentor_comment":0,"jetpack_featured_media_url":"https:\/\/eldiariodesanpedro.com.ar\/sitio\/wp-content\/uploads\/2022\/08\/0000021153-resized-1920x1080-1.jpeg","jetpack_shortlink":"https:\/\/wp.me\/p6RhLt-sBC","jetpack_sharing_enabled":true,"_links":{"self":[{"href":"https:\/\/eldiariodesanpedro.com.ar\/sitio\/wp-json\/wp\/v2\/posts\/109964","targetHints":{"allow":["GET"]}}],"collection":[{"href":"https:\/\/eldiariodesanpedro.com.ar\/sitio\/wp-json\/wp\/v2\/posts"}],"about":[{"href":"https:\/\/eldiariodesanpedro.com.ar\/sitio\/wp-json\/wp\/v2\/types\/post"}],"author":[{"embeddable":true,"href":"https:\/\/eldiariodesanpedro.com.ar\/sitio\/wp-json\/wp\/v2\/users\/4"}],"replies":[{"embeddable":true,"href":"https:\/\/eldiariodesanpedro.com.ar\/sitio\/wp-json\/wp\/v2\/comments?post=109964"}],"version-history":[{"count":1,"href":"https:\/\/eldiariodesanpedro.com.ar\/sitio\/wp-json\/wp\/v2\/posts\/109964\/revisions"}],"predecessor-version":[{"id":109966,"href":"https:\/\/eldiariodesanpedro.com.ar\/sitio\/wp-json\/wp\/v2\/posts\/109964\/revisions\/109966"}],"wp:featuredmedia":[{"embeddable":true,"href":"https:\/\/eldiariodesanpedro.com.ar\/sitio\/wp-json\/wp\/v2\/media\/109965"}],"wp:attachment":[{"href":"https:\/\/eldiariodesanpedro.com.ar\/sitio\/wp-json\/wp\/v2\/media?parent=109964"}],"wp:term":[{"taxonomy":"category","embeddable":true,"href":"https:\/\/eldiariodesanpedro.com.ar\/sitio\/wp-json\/wp\/v2\/categories?post=109964"},{"taxonomy":"post_tag","embeddable":true,"href":"https:\/\/eldiariodesanpedro.com.ar\/sitio\/wp-json\/wp\/v2\/tags?post=109964"}],"curies":[{"name":"wp","href":"https:\/\/api.w.org\/{rel}","templated":true}]}}