{"id":109953,"date":"2022-08-22T14:37:18","date_gmt":"2022-08-22T17:37:18","guid":{"rendered":"https:\/\/eldiariodesanpedro.com.ar\/sitio\/?p=109953"},"modified":"2022-08-22T14:37:19","modified_gmt":"2022-08-22T17:37:19","slug":"un-joven-menor-en-grave-estado-tras-ser-baleado-por-otro-joven-menor-de-edad","status":"publish","type":"post","link":"https:\/\/eldiariodesanpedro.com.ar\/sitio\/un-joven-menor-en-grave-estado-tras-ser-baleado-por-otro-joven-menor-de-edad\/","title":{"rendered":"Un joven menor en grave estado tras ser baleado por otro joven menor de edad"},"content":{"rendered":"<!-- VideographyWP Plugin Message: Automatic video embedding prevented by plugin options. -->\n\n<p>En el d\u00eda de ayer denunci\u00f3 una ciudadana de 25 a\u00f1os, que momento antes su hermano de 16 a\u00f1os, ingresa guardia del nosocomio local fines asistencia m\u00e9dica, a consecuencia de una herida de arma de fuego recibida, presenta paraplejia y anestesia en ambos miembros inferiores, asimismo una fractura en una v\u00e9rtebra consider\u00e1ndose lesiones grav\u00edsimas con riesgo de vida, siendo trasladado de inmediato hacia la cl\u00ednica Ciudadela, de dicha localidad.<\/p>\n\n\n\n<p>El personal de G.T.O juntamente con Sub DDI Baradero &#8211; San Pedro, recaban testimonios sindic\u00e1ndose a los autores, quienes se movilizaban a bordo de una motocicleta tipo Cross 150 cc color rojo y blanco, logr\u00e1ndose individualizar y certificar domicilios de los imputados. Procedi\u00e9ndose a realizar allanamientos de urgencias solicitada por UFI N\u00b0 7, otorgado por Juzgado Garant\u00edas en turno de San Nicol\u00e1s, para con domicilios de Las Provincia al 1800, aprehendi\u00e9ndose menor 17 y su concubina menor 16 a\u00f1os, secuestr\u00e1ndose una pistola marca Bersa Thunder cal .380,&nbsp; con ocho cartuchos mismo calibre Marca SP intactos sin percutar, como as\u00ed tambi\u00e9n veintinueve envoltorios de sustancia s\u00edmil clorhidrato coca\u00edna arrojando un peso 6.2 gramos, tel\u00e9fono marca Samsung modelo Galaxis M12, Tel\u00e9fono marca Samsung modelo S-A50F.- no obstante a ello se realiza diligencia en domicilio de calle Las Provincia n\u00b0 1850 de este medio domicilio alternativo del menor, propiedad ciudadano &nbsp;de 19 a\u00f1os, diligencia arroja resultado negativo. Del mismo modo en calle Ansaloni n\u00b0 1835 de esta ciudad, se aprehende a masculino de 29 a\u00f1os, secuestr\u00e1ndose una motocicleta marca Keller 150 cc de color rojo y blanco, (rodado utilizado perpetrar hecho), un&nbsp; envoltorio de sustancia s\u00edmil clorhidrato coca\u00edna no arroja peso, asimismo el masculino posee pedido captura con fecha de alta 22-06-16, caratula tentativa de robo a requerimiento UFI Joven.<\/p>\n\n\n\n<p>Se Interioriza magistrado interviniente solicitando para menores de la formaci\u00f3n de la causa, en tanto para el masculino mayor Art. 60 CPP, y que permanezcan alojados.- Interv. UFI Resp. Penal Juvenil San Nicolas.-<\/p>\n\n\n\n<figure class=\"wp-block-image size-full\"><img decoding=\"async\" width=\"1001\" height=\"563\" data-attachment-id=\"109956\" data-permalink=\"https:\/\/eldiariodesanpedro.com.ar\/sitio\/un-joven-menor-en-grave-estado-tras-ser-baleado-por-otro-joven-menor-de-edad\/2-2-9\/\" data-orig-file=\"https:\/\/eldiariodesanpedro.com.ar\/sitio\/wp-content\/uploads\/2022\/08\/2-2.png\" data-orig-size=\"1001,563\" data-comments-opened=\"0\" data-image-meta=\"{&quot;aperture&quot;:&quot;0&quot;,&quot;credit&quot;:&quot;&quot;,&quot;camera&quot;:&quot;&quot;,&quot;caption&quot;:&quot;&quot;,&quot;created_timestamp&quot;:&quot;0&quot;,&quot;copyright&quot;:&quot;&quot;,&quot;focal_length&quot;:&quot;0&quot;,&quot;iso&quot;:&quot;0&quot;,&quot;shutter_speed&quot;:&quot;0&quot;,&quot;title&quot;:&quot;&quot;,&quot;orientation&quot;:&quot;0&quot;}\" data-image-title=\"2-2\" data-image-description=\"\" data-image-caption=\"\" data-large-file=\"https:\/\/eldiariodesanpedro.com.ar\/sitio\/wp-content\/uploads\/2022\/08\/2-2.png\" data-src=\"https:\/\/eldiariodesanpedro.com.ar\/sitio\/wp-content\/uploads\/2022\/08\/2-2.png\" alt=\"\" class=\"wp-image-109956 lazyload\" data-srcset=\"https:\/\/eldiariodesanpedro.com.ar\/sitio\/wp-content\/uploads\/2022\/08\/2-2.png 1001w, https:\/\/eldiariodesanpedro.com.ar\/sitio\/wp-content\/uploads\/2022\/08\/2-2-300x169.png 300w, https:\/\/eldiariodesanpedro.com.ar\/sitio\/wp-content\/uploads\/2022\/08\/2-2-768x432.png 768w\" data-sizes=\"(max-width: 1001px) 100vw, 1001px\" src=\"data:image\/svg+xml;base64,PHN2ZyB3aWR0aD0iMSIgaGVpZ2h0PSIxIiB4bWxucz0iaHR0cDovL3d3dy53My5vcmcvMjAwMC9zdmciPjwvc3ZnPg==\" style=\"--smush-placeholder-width: 1001px; --smush-placeholder-aspect-ratio: 1001\/563;\" \/><\/figure>\n\n\n\n<figure class=\"wp-block-image size-full\"><img decoding=\"async\" width=\"1001\" height=\"563\" data-attachment-id=\"109955\" data-permalink=\"https:\/\/eldiariodesanpedro.com.ar\/sitio\/un-joven-menor-en-grave-estado-tras-ser-baleado-por-otro-joven-menor-de-edad\/1-2-9\/\" data-orig-file=\"https:\/\/eldiariodesanpedro.com.ar\/sitio\/wp-content\/uploads\/2022\/08\/1-2.png\" data-orig-size=\"1001,563\" data-comments-opened=\"0\" data-image-meta=\"{&quot;aperture&quot;:&quot;0&quot;,&quot;credit&quot;:&quot;&quot;,&quot;camera&quot;:&quot;&quot;,&quot;caption&quot;:&quot;&quot;,&quot;created_timestamp&quot;:&quot;0&quot;,&quot;copyright&quot;:&quot;&quot;,&quot;focal_length&quot;:&quot;0&quot;,&quot;iso&quot;:&quot;0&quot;,&quot;shutter_speed&quot;:&quot;0&quot;,&quot;title&quot;:&quot;&quot;,&quot;orientation&quot;:&quot;0&quot;}\" data-image-title=\"1-2\" data-image-description=\"\" data-image-caption=\"\" data-large-file=\"https:\/\/eldiariodesanpedro.com.ar\/sitio\/wp-content\/uploads\/2022\/08\/1-2.png\" data-src=\"https:\/\/eldiariodesanpedro.com.ar\/sitio\/wp-content\/uploads\/2022\/08\/1-2.png\" alt=\"\" class=\"wp-image-109955 lazyload\" data-srcset=\"https:\/\/eldiariodesanpedro.com.ar\/sitio\/wp-content\/uploads\/2022\/08\/1-2.png 1001w, https:\/\/eldiariodesanpedro.com.ar\/sitio\/wp-content\/uploads\/2022\/08\/1-2-300x169.png 300w, https:\/\/eldiariodesanpedro.com.ar\/sitio\/wp-content\/uploads\/2022\/08\/1-2-768x432.png 768w\" data-sizes=\"(max-width: 1001px) 100vw, 1001px\" src=\"data:image\/svg+xml;base64,PHN2ZyB3aWR0aD0iMSIgaGVpZ2h0PSIxIiB4bWxucz0iaHR0cDovL3d3dy53My5vcmcvMjAwMC9zdmciPjwvc3ZnPg==\" style=\"--smush-placeholder-width: 1001px; --smush-placeholder-aspect-ratio: 1001\/563;\" \/><\/figure>\n","protected":false},"excerpt":{"rendered":"<p>En el d\u00eda de ayer denunci\u00f3 una ciudadana de 25 a\u00f1os, que momento antes su hermano de 16 a\u00f1os, ingresa guardia del nosocomio local fines asistencia m\u00e9dica, a consecuencia de una herida de arma de fuego recibida, presenta paraplejia y anestesia en ambos miembros inferiores, asimismo una fractura en una v\u00e9rtebra consider\u00e1ndose lesiones grav\u00edsimas con [&hellip;]<\/p>\n","protected":false},"author":4,"featured_media":109954,"comment_status":"closed","ping_status":"closed","sticky":false,"template":"","format":"standard","meta":{"om_disable_all_campaigns":false,"_jetpack_memberships_contains_paid_content":false,"footnotes":""},"categories":[50,2,103],"tags":[197,696,33,19],"class_list":["post-109953","post","type-post","status-publish","format-standard","has-post-thumbnail","hentry","category-destacadas","category-locales","category-policiales-locales","tag-buenos-aires","tag-interes-general","tag-locales","tag-san-pedro"],"aioseo_notices":[],"gutentor_comment":0,"jetpack_featured_media_url":"https:\/\/eldiariodesanpedro.com.ar\/sitio\/wp-content\/uploads\/2022\/08\/medida-22.png","jetpack_shortlink":"https:\/\/wp.me\/p6RhLt-sBr","jetpack_sharing_enabled":true,"_links":{"self":[{"href":"https:\/\/eldiariodesanpedro.com.ar\/sitio\/wp-json\/wp\/v2\/posts\/109953","targetHints":{"allow":["GET"]}}],"collection":[{"href":"https:\/\/eldiariodesanpedro.com.ar\/sitio\/wp-json\/wp\/v2\/posts"}],"about":[{"href":"https:\/\/eldiariodesanpedro.com.ar\/sitio\/wp-json\/wp\/v2\/types\/post"}],"author":[{"embeddable":true,"href":"https:\/\/eldiariodesanpedro.com.ar\/sitio\/wp-json\/wp\/v2\/users\/4"}],"replies":[{"embeddable":true,"href":"https:\/\/eldiariodesanpedro.com.ar\/sitio\/wp-json\/wp\/v2\/comments?post=109953"}],"version-history":[{"count":1,"href":"https:\/\/eldiariodesanpedro.com.ar\/sitio\/wp-json\/wp\/v2\/posts\/109953\/revisions"}],"predecessor-version":[{"id":109957,"href":"https:\/\/eldiariodesanpedro.com.ar\/sitio\/wp-json\/wp\/v2\/posts\/109953\/revisions\/109957"}],"wp:featuredmedia":[{"embeddable":true,"href":"https:\/\/eldiariodesanpedro.com.ar\/sitio\/wp-json\/wp\/v2\/media\/109954"}],"wp:attachment":[{"href":"https:\/\/eldiariodesanpedro.com.ar\/sitio\/wp-json\/wp\/v2\/media?parent=109953"}],"wp:term":[{"taxonomy":"category","embeddable":true,"href":"https:\/\/eldiariodesanpedro.com.ar\/sitio\/wp-json\/wp\/v2\/categories?post=109953"},{"taxonomy":"post_tag","embeddable":true,"href":"https:\/\/eldiariodesanpedro.com.ar\/sitio\/wp-json\/wp\/v2\/tags?post=109953"}],"curies":[{"name":"wp","href":"https:\/\/api.w.org\/{rel}","templated":true}]}}