{"id":109949,"date":"2022-08-22T14:07:25","date_gmt":"2022-08-22T17:07:25","guid":{"rendered":"https:\/\/eldiariodesanpedro.com.ar\/sitio\/?p=109949"},"modified":"2022-08-22T14:26:06","modified_gmt":"2022-08-22T17:26:06","slug":"robaron-una-heladera-que-no-andaba-y-un-televisor-y-la-policia-logro-interceptarlos","status":"publish","type":"post","link":"https:\/\/eldiariodesanpedro.com.ar\/sitio\/robaron-una-heladera-que-no-andaba-y-un-televisor-y-la-policia-logro-interceptarlos\/","title":{"rendered":"Robaron una heladera que no andaba y un televisor, la polic\u00eda logro interceptarlos"},"content":{"rendered":"<!-- VideographyWP Plugin Message: Automatic video embedding prevented by plugin options. -->\n\n<p>En el d\u00eda de ayer promediando las 18 Hs, a ra\u00edz de un llamado al servicio de 911 emergencias el personal policial y GTO tras r\u00e1pido accionar proceden a la aprehensi\u00f3n de un ciudadano de 52 a\u00f1os y una mujer de 27 a\u00f1os quienes emprenden fuga a bordo de una camioneta Ford F100 por calle Lucio Mansilla en sentido hacia Vuelta de Obligado, llevando a bordo heladera sin funcionar y TV 29&#8243;, que previamente lo hab\u00edan sustra\u00eddo sin violencia de una residencia del barrio los duraznos propiedad de un ciudadano de 43 a\u00f1os, por lo que son interceptados por calle Lucio Mansilla N\u00b0 3500 aproximadamente secuestr\u00e1ndose los elementos&nbsp; como as\u00ed tambi\u00e9n un bagullo de coca\u00edna, como as\u00ed tambi\u00e9n r\u00e9plicas de arma de fuego tipo pistola y revolver que lo portaba entre sus prendas de vestir.<\/p>\n\n\n\n<p>Interviniendo la UFI 07 Local disponiendo que sean notificando a los ciudadanos de la formaci\u00f3n de la causa, y entrega de los muebles a su propietario.-<\/p>\n","protected":false},"excerpt":{"rendered":"<p>En el d\u00eda de ayer promediando las 18 Hs, a ra\u00edz de un llamado al servicio de 911 emergencias el personal policial y GTO tras r\u00e1pido accionar proceden a la aprehensi\u00f3n de un ciudadano de 52 a\u00f1os y una mujer de 27 a\u00f1os quienes emprenden fuga a bordo de una camioneta Ford F100 por calle [&hellip;]<\/p>\n","protected":false},"author":4,"featured_media":109950,"comment_status":"closed","ping_status":"closed","sticky":false,"template":"","format":"standard","meta":{"om_disable_all_campaigns":false,"_jetpack_memberships_contains_paid_content":false,"footnotes":""},"categories":[50,2,103],"tags":[],"class_list":["post-109949","post","type-post","status-publish","format-standard","has-post-thumbnail","hentry","category-destacadas","category-locales","category-policiales-locales"],"aioseo_notices":[],"gutentor_comment":0,"jetpack_featured_media_url":"https:\/\/eldiariodesanpedro.com.ar\/sitio\/wp-content\/uploads\/2022\/08\/medida-21.png","jetpack_shortlink":"https:\/\/wp.me\/p6RhLt-sBn","jetpack_sharing_enabled":true,"_links":{"self":[{"href":"https:\/\/eldiariodesanpedro.com.ar\/sitio\/wp-json\/wp\/v2\/posts\/109949","targetHints":{"allow":["GET"]}}],"collection":[{"href":"https:\/\/eldiariodesanpedro.com.ar\/sitio\/wp-json\/wp\/v2\/posts"}],"about":[{"href":"https:\/\/eldiariodesanpedro.com.ar\/sitio\/wp-json\/wp\/v2\/types\/post"}],"author":[{"embeddable":true,"href":"https:\/\/eldiariodesanpedro.com.ar\/sitio\/wp-json\/wp\/v2\/users\/4"}],"replies":[{"embeddable":true,"href":"https:\/\/eldiariodesanpedro.com.ar\/sitio\/wp-json\/wp\/v2\/comments?post=109949"}],"version-history":[{"count":2,"href":"https:\/\/eldiariodesanpedro.com.ar\/sitio\/wp-json\/wp\/v2\/posts\/109949\/revisions"}],"predecessor-version":[{"id":109952,"href":"https:\/\/eldiariodesanpedro.com.ar\/sitio\/wp-json\/wp\/v2\/posts\/109949\/revisions\/109952"}],"wp:featuredmedia":[{"embeddable":true,"href":"https:\/\/eldiariodesanpedro.com.ar\/sitio\/wp-json\/wp\/v2\/media\/109950"}],"wp:attachment":[{"href":"https:\/\/eldiariodesanpedro.com.ar\/sitio\/wp-json\/wp\/v2\/media?parent=109949"}],"wp:term":[{"taxonomy":"category","embeddable":true,"href":"https:\/\/eldiariodesanpedro.com.ar\/sitio\/wp-json\/wp\/v2\/categories?post=109949"},{"taxonomy":"post_tag","embeddable":true,"href":"https:\/\/eldiariodesanpedro.com.ar\/sitio\/wp-json\/wp\/v2\/tags?post=109949"}],"curies":[{"name":"wp","href":"https:\/\/api.w.org\/{rel}","templated":true}]}}