{"id":109946,"date":"2022-08-22T12:52:58","date_gmt":"2022-08-22T15:52:58","guid":{"rendered":"https:\/\/eldiariodesanpedro.com.ar\/sitio\/?p=109946"},"modified":"2022-08-22T12:52:59","modified_gmt":"2022-08-22T15:52:59","slug":"una-joven-fue-aprehendida-por-violar-una-restriccion-perimetral","status":"publish","type":"post","link":"https:\/\/eldiariodesanpedro.com.ar\/sitio\/una-joven-fue-aprehendida-por-violar-una-restriccion-perimetral\/","title":{"rendered":"Una joven fue aprehendida por violar una restricci\u00f3n perimetral"},"content":{"rendered":"<!-- VideographyWP Plugin Message: Automatic video embedding prevented by plugin options. -->\n\n<p>En la jornada de ayer alrededor de las 16 horas a ra\u00edz de un llamado al servicio de 911 emergencias personal policial acude a calle Zanuccoli al 400 donde se procede a la aprehensi\u00f3n de una ciudadana de 25 a\u00f1os en el cual se encontraba violando una restricci\u00f3n perimetral en el domicilio de su t\u00eda.<\/p>\n\n\n\n<p>Interviniendo la UFI 07 Local en turno, deponiendo que la causante sea notificada de la causa y recupere su libertad.<\/p>\n\n\n\n<p><\/p>\n","protected":false},"excerpt":{"rendered":"<p>En la jornada de ayer alrededor de las 16 horas a ra\u00edz de un llamado al servicio de 911 emergencias personal policial acude a calle Zanuccoli al 400 donde se procede a la aprehensi\u00f3n de una ciudadana de 25 a\u00f1os en el cual se encontraba violando una restricci\u00f3n perimetral en el domicilio de su t\u00eda. [&hellip;]<\/p>\n","protected":false},"author":4,"featured_media":109947,"comment_status":"closed","ping_status":"closed","sticky":false,"template":"","format":"standard","meta":{"om_disable_all_campaigns":false,"_jetpack_memberships_contains_paid_content":false,"footnotes":""},"categories":[2,103],"tags":[197,33,95,19],"class_list":["post-109946","post","type-post","status-publish","format-standard","has-post-thumbnail","hentry","category-locales","category-policiales-locales","tag-buenos-aires","tag-locales","tag-policiales","tag-san-pedro"],"aioseo_notices":[],"gutentor_comment":0,"jetpack_featured_media_url":"https:\/\/eldiariodesanpedro.com.ar\/sitio\/wp-content\/uploads\/2022\/08\/medida-20.png","jetpack_shortlink":"https:\/\/wp.me\/p6RhLt-sBk","jetpack_sharing_enabled":true,"_links":{"self":[{"href":"https:\/\/eldiariodesanpedro.com.ar\/sitio\/wp-json\/wp\/v2\/posts\/109946","targetHints":{"allow":["GET"]}}],"collection":[{"href":"https:\/\/eldiariodesanpedro.com.ar\/sitio\/wp-json\/wp\/v2\/posts"}],"about":[{"href":"https:\/\/eldiariodesanpedro.com.ar\/sitio\/wp-json\/wp\/v2\/types\/post"}],"author":[{"embeddable":true,"href":"https:\/\/eldiariodesanpedro.com.ar\/sitio\/wp-json\/wp\/v2\/users\/4"}],"replies":[{"embeddable":true,"href":"https:\/\/eldiariodesanpedro.com.ar\/sitio\/wp-json\/wp\/v2\/comments?post=109946"}],"version-history":[{"count":1,"href":"https:\/\/eldiariodesanpedro.com.ar\/sitio\/wp-json\/wp\/v2\/posts\/109946\/revisions"}],"predecessor-version":[{"id":109948,"href":"https:\/\/eldiariodesanpedro.com.ar\/sitio\/wp-json\/wp\/v2\/posts\/109946\/revisions\/109948"}],"wp:featuredmedia":[{"embeddable":true,"href":"https:\/\/eldiariodesanpedro.com.ar\/sitio\/wp-json\/wp\/v2\/media\/109947"}],"wp:attachment":[{"href":"https:\/\/eldiariodesanpedro.com.ar\/sitio\/wp-json\/wp\/v2\/media?parent=109946"}],"wp:term":[{"taxonomy":"category","embeddable":true,"href":"https:\/\/eldiariodesanpedro.com.ar\/sitio\/wp-json\/wp\/v2\/categories?post=109946"},{"taxonomy":"post_tag","embeddable":true,"href":"https:\/\/eldiariodesanpedro.com.ar\/sitio\/wp-json\/wp\/v2\/tags?post=109946"}],"curies":[{"name":"wp","href":"https:\/\/api.w.org\/{rel}","templated":true}]}}