{"id":109935,"date":"2022-08-22T12:06:44","date_gmt":"2022-08-22T15:06:44","guid":{"rendered":"https:\/\/eldiariodesanpedro.com.ar\/sitio\/?p=109935"},"modified":"2022-08-22T12:06:45","modified_gmt":"2022-08-22T15:06:45","slug":"la-importancia-de-las-instituciones-y-la-participacion-en-una-nueva-mirada-del-futuro","status":"publish","type":"post","link":"https:\/\/eldiariodesanpedro.com.ar\/sitio\/la-importancia-de-las-instituciones-y-la-participacion-en-una-nueva-mirada-del-futuro\/","title":{"rendered":"La importancia de las instituciones y la participaci\u00f3n en una nueva mirada del futuro"},"content":{"rendered":"<!-- VideographyWP Plugin Message: Automatic video embedding prevented by plugin options. -->\n\n<p>Este viernes, el destacado consultor pol\u00edtico Carlos Fara brind\u00f3 una charla organizada por el Centro de Comercio en su auditorio.&nbsp;&nbsp;Empresarios, comerciantes, emprendedores y profesionales entre otros participaron de las definiciones sobre las perspectivas pol\u00edticas de Argentina con un an\u00e1lisis general de la situaci\u00f3n, y una conexi\u00f3n muy relevante con la importancia de las transformaciones que se buscan, partiendo desde comunidades u organizaciones peque\u00f1as.&nbsp; En la introducci\u00f3n el Presidente Ra\u00fal Cheyllada &nbsp;destac\u00f3 el valor de este tipo de encuentros con profesionales del nivel del visitante.<\/p>\n\n\n\n<p>Fara, presidente del Estudio Carlos Fara &amp; Asociados y &nbsp;responsable de m\u00e1s de un centenar de campa\u00f1as pol\u00edticas en Argentina y el exterior remarc\u00f3 que en el contexto actual y m\u00e1s all\u00e1 de la imprevisibilidad o incertidumbre que provoca la cotidianeidad, es necesario analizar los procesos y planificar los nuevos escenarios y las transformaciones que un gran sector de la sociedad espera, \u00abde abajo hacia arriba\u00bb.<\/p>\n\n\n\n<p>\u00abGran parte de las soluciones van a pasar por la participaci\u00f3n de la sociedad y las instituciones que tendr\u00e1n un rol fundamental en generar nuevos niveles de pensamiento y de acci\u00f3n que originen un cambio profundo\u00bb, coment\u00f3.<\/p>\n\n\n\n<p>Se remarc\u00f3 que la construcci\u00f3n de nuevos liderazgos va a llevar tiempo y que las reformas culturales que deben implementarse ser\u00e1n el resultado de peque\u00f1as acciones y logros positivos en el corto y mediano plazo.&nbsp; A lo largo de su exposici\u00f3n y en el intercambio con el auditorio surgieron numerosos ejemplos y casos espec\u00edficos que permitieron desarrollar este an\u00e1lisis.<\/p>\n\n\n\n<p>Fara, que estuvo acompa\u00f1ado de Ricardo Jai, felicit\u00f3 al CCIT, a sus autoridades y a quienes demuestran el inter\u00e9s por este tipo de an\u00e1lisis dentro de una instituci\u00f3n que se encamina a cumplir 90 a\u00f1os y que representa a sectores fundamentales de la comunidad por los que pasan gran parte de las oportunidades y de las necesidades sobre las que se debe seguir trabajando.<\/p>\n\n\n\n<figure class=\"wp-block-image size-large\"><img decoding=\"async\" width=\"1024\" height=\"461\" data-attachment-id=\"109939\" data-permalink=\"https:\/\/eldiariodesanpedro.com.ar\/sitio\/la-importancia-de-las-instituciones-y-la-participacion-en-una-nueva-mirada-del-futuro\/faraccit19082022-6\/\" data-orig-file=\"https:\/\/eldiariodesanpedro.com.ar\/sitio\/wp-content\/uploads\/2022\/08\/FARACCIT19082022-6.jpeg\" data-orig-size=\"1200,540\" data-comments-opened=\"0\" data-image-meta=\"{&quot;aperture&quot;:&quot;0&quot;,&quot;credit&quot;:&quot;&quot;,&quot;camera&quot;:&quot;&quot;,&quot;caption&quot;:&quot;&quot;,&quot;created_timestamp&quot;:&quot;0&quot;,&quot;copyright&quot;:&quot;&quot;,&quot;focal_length&quot;:&quot;0&quot;,&quot;iso&quot;:&quot;0&quot;,&quot;shutter_speed&quot;:&quot;0&quot;,&quot;title&quot;:&quot;&quot;,&quot;orientation&quot;:&quot;0&quot;}\" data-image-title=\"FARACCIT19082022 (6)\" data-image-description=\"\" data-image-caption=\"\" data-large-file=\"https:\/\/eldiariodesanpedro.com.ar\/sitio\/wp-content\/uploads\/2022\/08\/FARACCIT19082022-6-1024x461.jpeg\" data-src=\"https:\/\/eldiariodesanpedro.com.ar\/sitio\/wp-content\/uploads\/2022\/08\/FARACCIT19082022-6-1024x461.jpeg\" alt=\"\" class=\"wp-image-109939 lazyload\" data-srcset=\"https:\/\/eldiariodesanpedro.com.ar\/sitio\/wp-content\/uploads\/2022\/08\/FARACCIT19082022-6-1024x461.jpeg 1024w, https:\/\/eldiariodesanpedro.com.ar\/sitio\/wp-content\/uploads\/2022\/08\/FARACCIT19082022-6-300x135.jpeg 300w, https:\/\/eldiariodesanpedro.com.ar\/sitio\/wp-content\/uploads\/2022\/08\/FARACCIT19082022-6-768x346.jpeg 768w, https:\/\/eldiariodesanpedro.com.ar\/sitio\/wp-content\/uploads\/2022\/08\/FARACCIT19082022-6.jpeg 1200w\" data-sizes=\"(max-width: 1024px) 100vw, 1024px\" src=\"data:image\/svg+xml;base64,PHN2ZyB3aWR0aD0iMSIgaGVpZ2h0PSIxIiB4bWxucz0iaHR0cDovL3d3dy53My5vcmcvMjAwMC9zdmciPjwvc3ZnPg==\" style=\"--smush-placeholder-width: 1024px; --smush-placeholder-aspect-ratio: 1024\/461;\" \/><\/figure>\n\n\n\n<figure class=\"wp-block-image size-large\"><img decoding=\"async\" width=\"1024\" height=\"461\" data-attachment-id=\"109938\" data-permalink=\"https:\/\/eldiariodesanpedro.com.ar\/sitio\/la-importancia-de-las-instituciones-y-la-participacion-en-una-nueva-mirada-del-futuro\/faraccit19082022-5\/\" data-orig-file=\"https:\/\/eldiariodesanpedro.com.ar\/sitio\/wp-content\/uploads\/2022\/08\/FARACCIT19082022-5.jpeg\" data-orig-size=\"1200,540\" data-comments-opened=\"0\" data-image-meta=\"{&quot;aperture&quot;:&quot;0&quot;,&quot;credit&quot;:&quot;&quot;,&quot;camera&quot;:&quot;&quot;,&quot;caption&quot;:&quot;&quot;,&quot;created_timestamp&quot;:&quot;0&quot;,&quot;copyright&quot;:&quot;&quot;,&quot;focal_length&quot;:&quot;0&quot;,&quot;iso&quot;:&quot;0&quot;,&quot;shutter_speed&quot;:&quot;0&quot;,&quot;title&quot;:&quot;&quot;,&quot;orientation&quot;:&quot;0&quot;}\" data-image-title=\"FARACCIT19082022 (5)\" data-image-description=\"\" data-image-caption=\"\" data-large-file=\"https:\/\/eldiariodesanpedro.com.ar\/sitio\/wp-content\/uploads\/2022\/08\/FARACCIT19082022-5-1024x461.jpeg\" data-src=\"https:\/\/eldiariodesanpedro.com.ar\/sitio\/wp-content\/uploads\/2022\/08\/FARACCIT19082022-5-1024x461.jpeg\" alt=\"\" class=\"wp-image-109938 lazyload\" data-srcset=\"https:\/\/eldiariodesanpedro.com.ar\/sitio\/wp-content\/uploads\/2022\/08\/FARACCIT19082022-5-1024x461.jpeg 1024w, https:\/\/eldiariodesanpedro.com.ar\/sitio\/wp-content\/uploads\/2022\/08\/FARACCIT19082022-5-300x135.jpeg 300w, https:\/\/eldiariodesanpedro.com.ar\/sitio\/wp-content\/uploads\/2022\/08\/FARACCIT19082022-5-768x346.jpeg 768w, https:\/\/eldiariodesanpedro.com.ar\/sitio\/wp-content\/uploads\/2022\/08\/FARACCIT19082022-5.jpeg 1200w\" data-sizes=\"(max-width: 1024px) 100vw, 1024px\" src=\"data:image\/svg+xml;base64,PHN2ZyB3aWR0aD0iMSIgaGVpZ2h0PSIxIiB4bWxucz0iaHR0cDovL3d3dy53My5vcmcvMjAwMC9zdmciPjwvc3ZnPg==\" style=\"--smush-placeholder-width: 1024px; --smush-placeholder-aspect-ratio: 1024\/461;\" \/><\/figure>\n\n\n\n<figure class=\"wp-block-image size-large\"><img decoding=\"async\" width=\"1024\" height=\"461\" data-attachment-id=\"109937\" data-permalink=\"https:\/\/eldiariodesanpedro.com.ar\/sitio\/la-importancia-de-las-instituciones-y-la-participacion-en-una-nueva-mirada-del-futuro\/faraccit19082022-3\/\" data-orig-file=\"https:\/\/eldiariodesanpedro.com.ar\/sitio\/wp-content\/uploads\/2022\/08\/FARACCIT19082022-3.jpeg\" data-orig-size=\"1200,540\" data-comments-opened=\"0\" data-image-meta=\"{&quot;aperture&quot;:&quot;0&quot;,&quot;credit&quot;:&quot;&quot;,&quot;camera&quot;:&quot;&quot;,&quot;caption&quot;:&quot;&quot;,&quot;created_timestamp&quot;:&quot;0&quot;,&quot;copyright&quot;:&quot;&quot;,&quot;focal_length&quot;:&quot;0&quot;,&quot;iso&quot;:&quot;0&quot;,&quot;shutter_speed&quot;:&quot;0&quot;,&quot;title&quot;:&quot;&quot;,&quot;orientation&quot;:&quot;0&quot;}\" data-image-title=\"FARACCIT19082022 (3)\" data-image-description=\"\" data-image-caption=\"\" data-large-file=\"https:\/\/eldiariodesanpedro.com.ar\/sitio\/wp-content\/uploads\/2022\/08\/FARACCIT19082022-3-1024x461.jpeg\" data-src=\"https:\/\/eldiariodesanpedro.com.ar\/sitio\/wp-content\/uploads\/2022\/08\/FARACCIT19082022-3-1024x461.jpeg\" alt=\"\" class=\"wp-image-109937 lazyload\" data-srcset=\"https:\/\/eldiariodesanpedro.com.ar\/sitio\/wp-content\/uploads\/2022\/08\/FARACCIT19082022-3-1024x461.jpeg 1024w, https:\/\/eldiariodesanpedro.com.ar\/sitio\/wp-content\/uploads\/2022\/08\/FARACCIT19082022-3-300x135.jpeg 300w, https:\/\/eldiariodesanpedro.com.ar\/sitio\/wp-content\/uploads\/2022\/08\/FARACCIT19082022-3-768x346.jpeg 768w, https:\/\/eldiariodesanpedro.com.ar\/sitio\/wp-content\/uploads\/2022\/08\/FARACCIT19082022-3.jpeg 1200w\" data-sizes=\"(max-width: 1024px) 100vw, 1024px\" src=\"data:image\/svg+xml;base64,PHN2ZyB3aWR0aD0iMSIgaGVpZ2h0PSIxIiB4bWxucz0iaHR0cDovL3d3dy53My5vcmcvMjAwMC9zdmciPjwvc3ZnPg==\" style=\"--smush-placeholder-width: 1024px; --smush-placeholder-aspect-ratio: 1024\/461;\" \/><\/figure>\n\n\n\n<figure class=\"wp-block-image size-large\"><img decoding=\"async\" width=\"1024\" height=\"461\" data-attachment-id=\"109936\" data-permalink=\"https:\/\/eldiariodesanpedro.com.ar\/sitio\/la-importancia-de-las-instituciones-y-la-participacion-en-una-nueva-mirada-del-futuro\/faraccit19082022-1\/\" data-orig-file=\"https:\/\/eldiariodesanpedro.com.ar\/sitio\/wp-content\/uploads\/2022\/08\/FARACCIT19082022-1.jpeg\" data-orig-size=\"1200,540\" data-comments-opened=\"0\" data-image-meta=\"{&quot;aperture&quot;:&quot;0&quot;,&quot;credit&quot;:&quot;&quot;,&quot;camera&quot;:&quot;&quot;,&quot;caption&quot;:&quot;&quot;,&quot;created_timestamp&quot;:&quot;0&quot;,&quot;copyright&quot;:&quot;&quot;,&quot;focal_length&quot;:&quot;0&quot;,&quot;iso&quot;:&quot;0&quot;,&quot;shutter_speed&quot;:&quot;0&quot;,&quot;title&quot;:&quot;&quot;,&quot;orientation&quot;:&quot;0&quot;}\" data-image-title=\"FARACCIT19082022 (1)\" data-image-description=\"\" data-image-caption=\"\" data-large-file=\"https:\/\/eldiariodesanpedro.com.ar\/sitio\/wp-content\/uploads\/2022\/08\/FARACCIT19082022-1-1024x461.jpeg\" data-src=\"https:\/\/eldiariodesanpedro.com.ar\/sitio\/wp-content\/uploads\/2022\/08\/FARACCIT19082022-1-1024x461.jpeg\" alt=\"\" class=\"wp-image-109936 lazyload\" data-srcset=\"https:\/\/eldiariodesanpedro.com.ar\/sitio\/wp-content\/uploads\/2022\/08\/FARACCIT19082022-1-1024x461.jpeg 1024w, https:\/\/eldiariodesanpedro.com.ar\/sitio\/wp-content\/uploads\/2022\/08\/FARACCIT19082022-1-300x135.jpeg 300w, https:\/\/eldiariodesanpedro.com.ar\/sitio\/wp-content\/uploads\/2022\/08\/FARACCIT19082022-1-768x346.jpeg 768w, https:\/\/eldiariodesanpedro.com.ar\/sitio\/wp-content\/uploads\/2022\/08\/FARACCIT19082022-1.jpeg 1200w\" data-sizes=\"(max-width: 1024px) 100vw, 1024px\" src=\"data:image\/svg+xml;base64,PHN2ZyB3aWR0aD0iMSIgaGVpZ2h0PSIxIiB4bWxucz0iaHR0cDovL3d3dy53My5vcmcvMjAwMC9zdmciPjwvc3ZnPg==\" style=\"--smush-placeholder-width: 1024px; --smush-placeholder-aspect-ratio: 1024\/461;\" \/><\/figure>\n","protected":false},"excerpt":{"rendered":"<p>Este viernes, el destacado consultor pol\u00edtico Carlos Fara brind\u00f3 una charla organizada por el Centro de Comercio en su auditorio.&nbsp;&nbsp;Empresarios, comerciantes, emprendedores y profesionales entre otros participaron de las definiciones sobre las perspectivas pol\u00edticas de Argentina con un an\u00e1lisis general de la situaci\u00f3n, y una conexi\u00f3n muy relevante con la importancia de las transformaciones que [&hellip;]<\/p>\n","protected":false},"author":4,"featured_media":109940,"comment_status":"closed","ping_status":"closed","sticky":false,"template":"","format":"standard","meta":{"om_disable_all_campaigns":false,"_jetpack_memberships_contains_paid_content":false,"footnotes":""},"categories":[50,101,2],"tags":[197,696,33,19],"class_list":["post-109935","post","type-post","status-publish","format-standard","has-post-thumbnail","hentry","category-destacadas","category-interes-general-locales","category-locales","tag-buenos-aires","tag-interes-general","tag-locales","tag-san-pedro"],"aioseo_notices":[],"gutentor_comment":0,"jetpack_featured_media_url":"https:\/\/eldiariodesanpedro.com.ar\/sitio\/wp-content\/uploads\/2022\/08\/FARACCIT19082022-8.jpeg","jetpack_shortlink":"https:\/\/wp.me\/p6RhLt-sB9","jetpack_sharing_enabled":true,"_links":{"self":[{"href":"https:\/\/eldiariodesanpedro.com.ar\/sitio\/wp-json\/wp\/v2\/posts\/109935","targetHints":{"allow":["GET"]}}],"collection":[{"href":"https:\/\/eldiariodesanpedro.com.ar\/sitio\/wp-json\/wp\/v2\/posts"}],"about":[{"href":"https:\/\/eldiariodesanpedro.com.ar\/sitio\/wp-json\/wp\/v2\/types\/post"}],"author":[{"embeddable":true,"href":"https:\/\/eldiariodesanpedro.com.ar\/sitio\/wp-json\/wp\/v2\/users\/4"}],"replies":[{"embeddable":true,"href":"https:\/\/eldiariodesanpedro.com.ar\/sitio\/wp-json\/wp\/v2\/comments?post=109935"}],"version-history":[{"count":1,"href":"https:\/\/eldiariodesanpedro.com.ar\/sitio\/wp-json\/wp\/v2\/posts\/109935\/revisions"}],"predecessor-version":[{"id":109941,"href":"https:\/\/eldiariodesanpedro.com.ar\/sitio\/wp-json\/wp\/v2\/posts\/109935\/revisions\/109941"}],"wp:featuredmedia":[{"embeddable":true,"href":"https:\/\/eldiariodesanpedro.com.ar\/sitio\/wp-json\/wp\/v2\/media\/109940"}],"wp:attachment":[{"href":"https:\/\/eldiariodesanpedro.com.ar\/sitio\/wp-json\/wp\/v2\/media?parent=109935"}],"wp:term":[{"taxonomy":"category","embeddable":true,"href":"https:\/\/eldiariodesanpedro.com.ar\/sitio\/wp-json\/wp\/v2\/categories?post=109935"},{"taxonomy":"post_tag","embeddable":true,"href":"https:\/\/eldiariodesanpedro.com.ar\/sitio\/wp-json\/wp\/v2\/tags?post=109935"}],"curies":[{"name":"wp","href":"https:\/\/api.w.org\/{rel}","templated":true}]}}