{"id":109915,"date":"2022-08-22T10:20:43","date_gmt":"2022-08-22T13:20:43","guid":{"rendered":"https:\/\/eldiariodesanpedro.com.ar\/sitio\/?p=109915"},"modified":"2022-08-22T10:20:44","modified_gmt":"2022-08-22T13:20:44","slug":"el-combate-de-los-incendios-en-las-islas-en-la-voz-de-los-brigadistas-y-la-coordinadora-del-operativo","status":"publish","type":"post","link":"https:\/\/eldiariodesanpedro.com.ar\/sitio\/el-combate-de-los-incendios-en-las-islas-en-la-voz-de-los-brigadistas-y-la-coordinadora-del-operativo\/","title":{"rendered":"El combate de los incendios en las islas en la voz de los brigadistas y la Coordinadora del operativo"},"content":{"rendered":"<!-- VideographyWP Plugin Message: Automatic video embedding prevented by plugin options. -->\n\n<p>El Aeroclub de San Pedro contin\u00faa siendo uno de los tres puntos desde donde se organizan los operativos para el combate de las llamas en las islas del Delta del Paran\u00e1, adem\u00e1s de Alvear, en Santa Fe, y Z\u00e1rate. Desde este lunes se sumar\u00e1n, por orden del presidente Alberto Fern\u00e1ndez, efectivos de fuerzas federales. <\/p>\n\n\n\n<p>Tras confirmarse que los operativos por el combate de las llamas en las islas del Delta del Paran\u00e1 se extender\u00e1n al menos una semana m\u00e1s en San Pedro, se sum\u00f3 adem\u00e1s Z\u00e1rate como base operativa y se espera el arribo en las pr\u00f3ximas horas de efectivos de fuerzas federales para continuar con las acciones.<\/p>\n\n\n\n<p>Este domingo en el Aeroclub de San Pedro, registrando im\u00e1genes y recogiendo testimonios de brigadistas sobre las tareas en las islas, adem\u00e1s de hablar con la Coordinadora del Plan Nacional de Manejo del Fuego sobre los alcances y pormenores del operativo.\u00a0<\/p>\n\n\n\n<p><\/p>\n","protected":false},"excerpt":{"rendered":"<p>El Aeroclub de San Pedro contin\u00faa siendo uno de los tres puntos desde donde se organizan los operativos para el combate de las llamas en las islas del Delta del Paran\u00e1, adem\u00e1s de Alvear, en Santa Fe, y Z\u00e1rate. Desde este lunes se sumar\u00e1n, por orden del presidente Alberto Fern\u00e1ndez, efectivos de fuerzas federales. Tras [&hellip;]<\/p>\n","protected":false},"author":4,"featured_media":109916,"comment_status":"closed","ping_status":"closed","sticky":false,"template":"","format":"standard","meta":{"om_disable_all_campaigns":false,"_jetpack_memberships_contains_paid_content":false,"footnotes":""},"categories":[50,101,2],"tags":[197,696,33,19],"class_list":["post-109915","post","type-post","status-publish","format-standard","has-post-thumbnail","hentry","category-destacadas","category-interes-general-locales","category-locales","tag-buenos-aires","tag-interes-general","tag-locales","tag-san-pedro"],"aioseo_notices":[],"gutentor_comment":0,"jetpack_featured_media_url":"https:\/\/eldiariodesanpedro.com.ar\/sitio\/wp-content\/uploads\/2022\/08\/WhatsApp-Image-2022-08-21-at-7.31.20-PM.jpeg","jetpack_shortlink":"https:\/\/wp.me\/p6RhLt-sAP","jetpack_sharing_enabled":true,"_links":{"self":[{"href":"https:\/\/eldiariodesanpedro.com.ar\/sitio\/wp-json\/wp\/v2\/posts\/109915","targetHints":{"allow":["GET"]}}],"collection":[{"href":"https:\/\/eldiariodesanpedro.com.ar\/sitio\/wp-json\/wp\/v2\/posts"}],"about":[{"href":"https:\/\/eldiariodesanpedro.com.ar\/sitio\/wp-json\/wp\/v2\/types\/post"}],"author":[{"embeddable":true,"href":"https:\/\/eldiariodesanpedro.com.ar\/sitio\/wp-json\/wp\/v2\/users\/4"}],"replies":[{"embeddable":true,"href":"https:\/\/eldiariodesanpedro.com.ar\/sitio\/wp-json\/wp\/v2\/comments?post=109915"}],"version-history":[{"count":1,"href":"https:\/\/eldiariodesanpedro.com.ar\/sitio\/wp-json\/wp\/v2\/posts\/109915\/revisions"}],"predecessor-version":[{"id":109917,"href":"https:\/\/eldiariodesanpedro.com.ar\/sitio\/wp-json\/wp\/v2\/posts\/109915\/revisions\/109917"}],"wp:featuredmedia":[{"embeddable":true,"href":"https:\/\/eldiariodesanpedro.com.ar\/sitio\/wp-json\/wp\/v2\/media\/109916"}],"wp:attachment":[{"href":"https:\/\/eldiariodesanpedro.com.ar\/sitio\/wp-json\/wp\/v2\/media?parent=109915"}],"wp:term":[{"taxonomy":"category","embeddable":true,"href":"https:\/\/eldiariodesanpedro.com.ar\/sitio\/wp-json\/wp\/v2\/categories?post=109915"},{"taxonomy":"post_tag","embeddable":true,"href":"https:\/\/eldiariodesanpedro.com.ar\/sitio\/wp-json\/wp\/v2\/tags?post=109915"}],"curies":[{"name":"wp","href":"https:\/\/api.w.org\/{rel}","templated":true}]}}