{"id":109912,"date":"2022-08-22T10:04:31","date_gmt":"2022-08-22T13:04:31","guid":{"rendered":"https:\/\/eldiariodesanpedro.com.ar\/sitio\/?p=109912"},"modified":"2022-08-22T10:04:32","modified_gmt":"2022-08-22T13:04:32","slug":"incendio-en-las-islas-fuerzas-federales-se-suman-al-operativo-que-continuara-una-semana-mas-en-san-pedro","status":"publish","type":"post","link":"https:\/\/eldiariodesanpedro.com.ar\/sitio\/incendio-en-las-islas-fuerzas-federales-se-suman-al-operativo-que-continuara-una-semana-mas-en-san-pedro\/","title":{"rendered":"Incendio en las islas: Fuerzas federales se suman al operativo que continuar\u00e1 una semana m\u00e1s en San Pedro"},"content":{"rendered":"<!-- VideographyWP Plugin Message: Automatic video embedding prevented by plugin options. -->\n\n<p>En la tarde de este s\u00e1bado, seg\u00fan pudo conocer\u00a0<strong>Visi\u00f3n Regional<\/strong>\u00a0arrib\u00f3 al Aeroclub de San Pedro personal del \u00e1rea de Coordinaci\u00f3n del Ministerio de Defensa y anunci\u00f3 que, desde el lunes, se sumar\u00e1n efectivos de fuerzas federales al combate de las llamas en las islas del Delta del Paran\u00e1. Adem\u00e1s agregaron Z\u00e1rate como otra base operativa para combatir el fuego en la zona norte. Las novedades.<\/p>\n\n\n\n<p>El&nbsp;<strong>combate del fuego en las islas del Delta del Paran\u00e1<\/strong>&nbsp;contin\u00faa sin detenerse y adem\u00e1s contar\u00e1 con m\u00e1s personal abocado a la tarea. As\u00ed pudo confirmarlo&nbsp;<strong>Visi\u00f3n Regional<\/strong>&nbsp;en las \u00faltimas horas.<\/p>\n\n\n\n<p>Es que este s\u00e1bado, tras la reuni\u00f3n que intendentes y dirigentes del Frente de Todos de la Segunda Secci\u00f3n mantuvieron en San Pedro,&nbsp;<strong>estuvieron presentes en el Aeroclub local<\/strong>, base operativa de combate de las llamas,&nbsp;<strong>personal del \u00e1rea de Coordinaci\u00f3n del Ministerio de Defensa de Naci\u00f3n<\/strong>, anticipando que,&nbsp;<strong>desde este lunes 22, se sumar\u00e1n al operativo integrantes de fuerzas federales<\/strong>.&nbsp;<\/p>\n\n\n\n<p>Aunque a\u00fan no est\u00e1 confirmado el n\u00famero de efectivos que se integrar\u00e1n, s\u00ed se anunci\u00f3 que se extiende por una semana m\u00e1s las tareas en el lugar, al tiempo que&nbsp;<strong>se sum\u00f3 un tercer operativo a los ya existentes<\/strong>&nbsp;(Alvear, Santa Fe; San Pedro, Buenos Aires):&nbsp;<strong>se trata de Z\u00e1rate, que constituir\u00e1 base operativa para el combate de los incendios en la zona norte de la provincia de Buenos Aires<\/strong>.<\/p>\n\n\n\n<p>Este domingo,&nbsp;<strong>90 brigadistas trabajan en los incendios, con el apoyo de dos aviones hidrantes, un avi\u00f3n observador y los dos helic\u00f3pteros del Ej\u00e9rcito<\/strong>.<\/p>\n","protected":false},"excerpt":{"rendered":"<p>En la tarde de este s\u00e1bado, seg\u00fan pudo conocer\u00a0Visi\u00f3n Regional\u00a0arrib\u00f3 al Aeroclub de San Pedro personal del \u00e1rea de Coordinaci\u00f3n del Ministerio de Defensa y anunci\u00f3 que, desde el lunes, se sumar\u00e1n efectivos de fuerzas federales al combate de las llamas en las islas del Delta del Paran\u00e1. Adem\u00e1s agregaron Z\u00e1rate como otra base operativa [&hellip;]<\/p>\n","protected":false},"author":4,"featured_media":109913,"comment_status":"closed","ping_status":"closed","sticky":false,"template":"","format":"standard","meta":{"om_disable_all_campaigns":false,"_jetpack_memberships_contains_paid_content":false,"footnotes":""},"categories":[50,101,2],"tags":[197,696,33,19],"class_list":["post-109912","post","type-post","status-publish","format-standard","has-post-thumbnail","hentry","category-destacadas","category-interes-general-locales","category-locales","tag-buenos-aires","tag-interes-general","tag-locales","tag-san-pedro"],"aioseo_notices":[],"gutentor_comment":0,"jetpack_featured_media_url":"https:\/\/eldiariodesanpedro.com.ar\/sitio\/wp-content\/uploads\/2022\/08\/WhatsApp-Image-2022-08-04-at-3.52.40-PM.jpeg","jetpack_shortlink":"https:\/\/wp.me\/p6RhLt-sAM","jetpack_sharing_enabled":true,"_links":{"self":[{"href":"https:\/\/eldiariodesanpedro.com.ar\/sitio\/wp-json\/wp\/v2\/posts\/109912","targetHints":{"allow":["GET"]}}],"collection":[{"href":"https:\/\/eldiariodesanpedro.com.ar\/sitio\/wp-json\/wp\/v2\/posts"}],"about":[{"href":"https:\/\/eldiariodesanpedro.com.ar\/sitio\/wp-json\/wp\/v2\/types\/post"}],"author":[{"embeddable":true,"href":"https:\/\/eldiariodesanpedro.com.ar\/sitio\/wp-json\/wp\/v2\/users\/4"}],"replies":[{"embeddable":true,"href":"https:\/\/eldiariodesanpedro.com.ar\/sitio\/wp-json\/wp\/v2\/comments?post=109912"}],"version-history":[{"count":1,"href":"https:\/\/eldiariodesanpedro.com.ar\/sitio\/wp-json\/wp\/v2\/posts\/109912\/revisions"}],"predecessor-version":[{"id":109914,"href":"https:\/\/eldiariodesanpedro.com.ar\/sitio\/wp-json\/wp\/v2\/posts\/109912\/revisions\/109914"}],"wp:featuredmedia":[{"embeddable":true,"href":"https:\/\/eldiariodesanpedro.com.ar\/sitio\/wp-json\/wp\/v2\/media\/109913"}],"wp:attachment":[{"href":"https:\/\/eldiariodesanpedro.com.ar\/sitio\/wp-json\/wp\/v2\/media?parent=109912"}],"wp:term":[{"taxonomy":"category","embeddable":true,"href":"https:\/\/eldiariodesanpedro.com.ar\/sitio\/wp-json\/wp\/v2\/categories?post=109912"},{"taxonomy":"post_tag","embeddable":true,"href":"https:\/\/eldiariodesanpedro.com.ar\/sitio\/wp-json\/wp\/v2\/tags?post=109912"}],"curies":[{"name":"wp","href":"https:\/\/api.w.org\/{rel}","templated":true}]}}