{"id":109909,"date":"2022-08-22T09:53:19","date_gmt":"2022-08-22T12:53:19","guid":{"rendered":"https:\/\/eldiariodesanpedro.com.ar\/sitio\/?p=109909"},"modified":"2022-08-22T09:53:20","modified_gmt":"2022-08-22T12:53:20","slug":"incendio-en-las-islas-intendentes-peronistas-se-reunieron-en-san-pedro-y-repudiaron-las-quemas","status":"publish","type":"post","link":"https:\/\/eldiariodesanpedro.com.ar\/sitio\/incendio-en-las-islas-intendentes-peronistas-se-reunieron-en-san-pedro-y-repudiaron-las-quemas\/","title":{"rendered":"Incendio en las islas: Intendentes peronistas se reunieron en San Pedro y repudiaron las quemas"},"content":{"rendered":"<!-- VideographyWP Plugin Message: Automatic video embedding prevented by plugin options. -->\n\n<p>Convocados por el intendente Ram\u00f3n Salazar, intendentes del Frente de Todos de la Segunda Secci\u00f3n se reunieron en San Pedro para repudiar de manera conjunta los incendios en las islas del Delta del Paran\u00e1, localizados principalmente en Entre R\u00edos, y que ocasionan problemas de salud a miles de habitantes de la regi\u00f3n. El encuentro sirvi\u00f3 adem\u00e1s para confirmar la pertenencia al espacio oficialista y el respaldo a las gestiones de Alberto Fern\u00e1ndez y Axel Kicillof, en provincia y naci\u00f3n, respectivamente.\u00a0<\/p>\n\n\n\n<p>Los&nbsp;<strong>intendentes&nbsp;<\/strong>de&nbsp;<strong>San Pedro<\/strong>, Ram\u00f3n Salazar;&nbsp;<strong>Baradero<\/strong>, Esteban Sanzio;&nbsp;<strong>Carmen de Areco,<\/strong>&nbsp;Iv\u00e1n Villagr\u00e1n;&nbsp;<strong>Z\u00e1rate<\/strong>, Osvaldo C\u00e1ffaro;&nbsp;<strong>Salto<\/strong>, Ricardo Alessandro;&nbsp;<strong>Exaltaci\u00f3n de la Cruz<\/strong>, Diego Nanni;&nbsp;<strong>Col\u00f3n<\/strong>, Ricardo Casi;&nbsp;<strong>San Andr\u00e9s de Giles<\/strong>, Miguel Gesualdi, acompa\u00f1ados por el&nbsp;<strong>diputado de San Andr\u00e9s de Giles<\/strong>&nbsp;<strong>Carlos Puglielli<\/strong>&nbsp;y el&nbsp;<strong>integrante del directorio Belgrano Cargas, Cecilio Salazar se reunieron en San Pedro<\/strong>, en medio de la ola de reclamos ciudadanos por los incendios en la zona de las islas del Delta del Paran\u00e1, geolocalizados principalmente en Entre R\u00edos, que ocasionan un grav\u00edsimo da\u00f1o ambiental y problemas de salud en los habitantes de la regi\u00f3n.<\/p>\n\n\n\n<p>Los intendentes&nbsp;&nbsp;<strong>repudiaron las quemas intencionales y apuntaron contra las \u00abcorporaciones e inescrupulosos que solo piensan en su provecho personal perjudicando con sus acciones al resto de los ciudadanos y ciudadanas\u00bb<\/strong>.<\/p>\n\n\n\n<p>Tal como sucedi\u00f3 d\u00edas atr\u00e1s en Santa Fe, los jefes comunales y referentes de la regi\u00f3n<strong>&nbsp;consensuaron estrategias conjuntas ante la problem\u00e1tica<\/strong>, mientras se mantienen los operativos de control de los focos por parte del Plan Nacional de Manejo del Fuego.&nbsp;<\/p>\n\n\n\n<p>Asimismo<strong>&nbsp;el encuentro sirvi\u00f3 para que los intendentes y dirigentes peronistas de la Segunda Secci\u00f3n electoral reiteraran su apoyo al Frente de Todos<\/strong>, en lo que consideraron la \u00abconstrucci\u00f3n\u00bb de una nueva etapa, con el \u00abrelanzamiento de un Gobierno Nacional m\u00e1s pr\u00f3ximo a los hechos y consecuente con nuestro pueblo\u00bb.<\/p>\n\n\n\n<p>\u00abAlzando la bandera Argentina y de la Provincia de Buenos Aires nos expresamos en representaci\u00f3n de nuestra gente que cotidianamente necesita de respuestas y soluciones sobre temas que hacen al bienestar de cada ciudadano y ciudadana, como por ejemplo la seguridad que requiere contar con los recursos materiales y humanos necesarios para proteger en los diferentes distritos a quienes trabajan, estudian, etc., y son respetuosos de las leyes y normas que rigen nuestra vinculaci\u00f3n social\u00bb, indicaron en un comunicado tras el encuentro que se desarroll\u00f3 en San Pedro.<br><br>Adem\u00e1s&nbsp;<strong>apuntaron a \u00abpoder garantizar el flujo de obras en los Distritos de la secci\u00f3n dando continuidad a una pol\u00edtica de mejora de la infraestructura regional,<\/strong>&nbsp;que es una herramienta fundamental para garantizar condiciones de dignidad y seguridad a cada habitante\u00bb.<\/p>\n\n\n\n<p>\u00abAnte la adversa situaci\u00f3n econ\u00f3mica que atravesamos, mantenemos el compromiso de maximizar los esfuerzos de cuidar el bienestar de los ciudadanos y ciudadanas de nuestros distritos que conducimos en consonancia con una mirada pol\u00edtica Provincial y Nacional que mantiene como estandarte la Justicia Social\u00bb, expresaron.&nbsp;<\/p>\n\n\n\n<p><strong>La ocasi\u00f3n sirvi\u00f3 adem\u00e1s para manifestar el respaldo a la vicepresidenta Cristina Fern\u00e1ndez ante lo que consideraron una \u00abpersecuci\u00f3n pol\u00edtica\u00bb del Poder Judicial<\/strong>.<\/p>\n\n\n\n<p>\u00abEstamos convencidos de que hay que continuar la lucha que inicio N\u00e9stor Kirchner en el cambio de la matriz de distribuci\u00f3n y que nuestro gobierno no pudo avanzar en medio de la pandemia y por errores que desde el Campo Nacional y Popular no debemos repetir\u00bb, manifestaron.<\/p>\n\n\n\n<p><strong>Tambi\u00e9n hubo respaldo al gobernador Axel Kicillof y al flamante ministro de Econom\u00eda, Sergio Massa.<\/strong><\/p>\n\n\n\n<p>\u00abSeguiremos estando con nuestros vecinos y vecinas, seguiremos planteando las reformas necesarias que los distritos de la Segunda Secci\u00f3n Electoral y de todo el interior necesitan y reclaman a\u00f1o tras a\u00f1o, en pos de Gobiernos Municipales m\u00e1s fuertes, din\u00e1micos y eficientes. Somos defensores de un Estado Presente y no tememos a los desaf\u00edos, solo queremos m\u00e1s herramientas y protagonismo real. A cada problem\u00e1tica la abordamos desde el poder territorial y popular\u00bb, consideraron.<\/p>\n\n\n\n<p>\u00abHoy no son tiempos de reclamos, sino de compromiso, esfuerzo y aporte desde la experiencia. Aqu\u00ed estuvimos, estamos y estaremos, siempre luchando por una Naci\u00f3n y Provincia para TODOS Y TODAS\u00bb, concluyeron.<\/p>\n","protected":false},"excerpt":{"rendered":"<p>Convocados por el intendente Ram\u00f3n Salazar, intendentes del Frente de Todos de la Segunda Secci\u00f3n se reunieron en San Pedro para repudiar de manera conjunta los incendios en las islas del Delta del Paran\u00e1, localizados principalmente en Entre R\u00edos, y que ocasionan problemas de salud a miles de habitantes de la regi\u00f3n. El encuentro sirvi\u00f3 [&hellip;]<\/p>\n","protected":false},"author":4,"featured_media":109910,"comment_status":"closed","ping_status":"closed","sticky":false,"template":"","format":"standard","meta":{"om_disable_all_campaigns":false,"_jetpack_memberships_contains_paid_content":false,"footnotes":""},"categories":[50,2,102],"tags":[197,33,19],"class_list":["post-109909","post","type-post","status-publish","format-standard","has-post-thumbnail","hentry","category-destacadas","category-locales","category-politica-locales","tag-buenos-aires","tag-locales","tag-san-pedro"],"aioseo_notices":[],"gutentor_comment":0,"jetpack_featured_media_url":"https:\/\/eldiariodesanpedro.com.ar\/sitio\/wp-content\/uploads\/2022\/08\/IMG-20220820-WA0066.jpg","jetpack_shortlink":"https:\/\/wp.me\/p6RhLt-sAJ","jetpack_sharing_enabled":true,"_links":{"self":[{"href":"https:\/\/eldiariodesanpedro.com.ar\/sitio\/wp-json\/wp\/v2\/posts\/109909","targetHints":{"allow":["GET"]}}],"collection":[{"href":"https:\/\/eldiariodesanpedro.com.ar\/sitio\/wp-json\/wp\/v2\/posts"}],"about":[{"href":"https:\/\/eldiariodesanpedro.com.ar\/sitio\/wp-json\/wp\/v2\/types\/post"}],"author":[{"embeddable":true,"href":"https:\/\/eldiariodesanpedro.com.ar\/sitio\/wp-json\/wp\/v2\/users\/4"}],"replies":[{"embeddable":true,"href":"https:\/\/eldiariodesanpedro.com.ar\/sitio\/wp-json\/wp\/v2\/comments?post=109909"}],"version-history":[{"count":1,"href":"https:\/\/eldiariodesanpedro.com.ar\/sitio\/wp-json\/wp\/v2\/posts\/109909\/revisions"}],"predecessor-version":[{"id":109911,"href":"https:\/\/eldiariodesanpedro.com.ar\/sitio\/wp-json\/wp\/v2\/posts\/109909\/revisions\/109911"}],"wp:featuredmedia":[{"embeddable":true,"href":"https:\/\/eldiariodesanpedro.com.ar\/sitio\/wp-json\/wp\/v2\/media\/109910"}],"wp:attachment":[{"href":"https:\/\/eldiariodesanpedro.com.ar\/sitio\/wp-json\/wp\/v2\/media?parent=109909"}],"wp:term":[{"taxonomy":"category","embeddable":true,"href":"https:\/\/eldiariodesanpedro.com.ar\/sitio\/wp-json\/wp\/v2\/categories?post=109909"},{"taxonomy":"post_tag","embeddable":true,"href":"https:\/\/eldiariodesanpedro.com.ar\/sitio\/wp-json\/wp\/v2\/tags?post=109909"}],"curies":[{"name":"wp","href":"https:\/\/api.w.org\/{rel}","templated":true}]}}