{"id":109902,"date":"2022-08-19T10:53:25","date_gmt":"2022-08-19T13:53:25","guid":{"rendered":"https:\/\/eldiariodesanpedro.com.ar\/sitio\/?p=109902"},"modified":"2022-08-19T10:53:26","modified_gmt":"2022-08-19T13:53:26","slug":"el-humo-de-la-isla-tapo-la-ciudad-causando-graves-problemas-de-visibilidad-y-respiratorios","status":"publish","type":"post","link":"https:\/\/eldiariodesanpedro.com.ar\/sitio\/el-humo-de-la-isla-tapo-la-ciudad-causando-graves-problemas-de-visibilidad-y-respiratorios\/","title":{"rendered":"El humo de la isla tapo la ciudad causando graves problemas de visibilidad y respiratorios"},"content":{"rendered":"<!-- VideographyWP Plugin Message: Automatic video embedding prevented by plugin options. -->\n\n<p>Los incendios en las islas y los mecanismos de defensa para paliar los efectos de las heladas en las plantaciones de frutales generaron una densa nube de humo que cubri\u00f3 gran parte de la ciudad y el partido de San Pedro.&nbsp;<\/p>\n\n\n\n<p>La visibilidad durante la ma\u00f1ana fue pr\u00e1cticamente nula. \u00abDesde la Rep\u00fablica de Banfield report\u00f3 humo , niebla y bronca&#8230; humo desde el r\u00edo y desde los campos aparentemente\u00bb expres\u00f3 Silvina, una de las oyentes de&nbsp; \u00abVilla Igo\u00edllo no se ve nada, es terrible\u00bb agreg\u00f3 Norma.&nbsp;<\/p>\n\n\n\n<p>&nbsp;\u00abIndignaci\u00f3n, bronca y tristeza..&nbsp; que te despierte el humo dentro de tu propia casa, no poder mandar el nene al colegio por que no se ve nada, no se pueda respirar es tristisimo\u00bb indic\u00f3 otro oyente desde Hermano Indio. \u00abSoy asm\u00e1tica y me siento muy mal\u00bb agreg\u00f3 una vecina.&nbsp;<\/p>\n\n\n\n<p>\u00abPor el barrio Independencia no se ve nada, sal\u00ed a llevar a mis nietos y es un peligro\u00bb expres\u00f3 Mario.&nbsp;<\/p>\n\n\n\n<p>\u00abEn calle San Lorenzo, sobre el r\u00edo no se ve absolutamente nada, estoy a 5 metros de la calle y no se ve el humo\u00bb indic\u00f3 Germ\u00e1n.&nbsp;<\/p>\n\n\n\n<p>\u00abNo puede llegar a la escuela 13 de Mataderos. Nunca vi algo as\u00ed. No ve\u00eda nada\u00bb expres\u00f3 Alejandro.<\/p>\n\n\n\n<iframe data-src=\"https:\/\/www.facebook.com\/plugins\/video.php?height=314&#038;href=https%3A%2F%2Fwww.facebook.com%2Fdiariosp2%2Fvideos%2F487428426717020%2F&#038;show_text=false&#038;width=560&#038;t=0\" width=\"560\" height=\"314\" style=\"border:none;overflow:hidden\" scrolling=\"no\" frameborder=\"0\" allowfullscreen=\"true\" allow=\"autoplay; clipboard-write; encrypted-media; picture-in-picture; web-share\" allowFullScreen=\"true\" src=\"data:image\/svg+xml;base64,PHN2ZyB3aWR0aD0iMSIgaGVpZ2h0PSIxIiB4bWxucz0iaHR0cDovL3d3dy53My5vcmcvMjAwMC9zdmciPjwvc3ZnPg==\" class=\"lazyload\" data-load-mode=\"1\"><\/iframe>\n","protected":false},"excerpt":{"rendered":"<p>Los incendios en las islas y los mecanismos de defensa para paliar los efectos de las heladas en las plantaciones de frutales generaron una densa nube de humo que cubri\u00f3 gran parte de la ciudad y el partido de San Pedro.&nbsp; La visibilidad durante la ma\u00f1ana fue pr\u00e1cticamente nula. \u00abDesde la Rep\u00fablica de Banfield report\u00f3 [&hellip;]<\/p>\n","protected":false},"author":4,"featured_media":109903,"comment_status":"closed","ping_status":"closed","sticky":false,"template":"","format":"standard","meta":{"om_disable_all_campaigns":false,"_jetpack_memberships_contains_paid_content":false,"footnotes":""},"categories":[50,101,2],"tags":[],"class_list":["post-109902","post","type-post","status-publish","format-standard","has-post-thumbnail","hentry","category-destacadas","category-interes-general-locales","category-locales"],"aioseo_notices":[],"gutentor_comment":0,"jetpack_featured_media_url":"https:\/\/eldiariodesanpedro.com.ar\/sitio\/wp-content\/uploads\/2022\/08\/medida-19.png","jetpack_shortlink":"https:\/\/wp.me\/p6RhLt-sAC","jetpack_sharing_enabled":true,"_links":{"self":[{"href":"https:\/\/eldiariodesanpedro.com.ar\/sitio\/wp-json\/wp\/v2\/posts\/109902","targetHints":{"allow":["GET"]}}],"collection":[{"href":"https:\/\/eldiariodesanpedro.com.ar\/sitio\/wp-json\/wp\/v2\/posts"}],"about":[{"href":"https:\/\/eldiariodesanpedro.com.ar\/sitio\/wp-json\/wp\/v2\/types\/post"}],"author":[{"embeddable":true,"href":"https:\/\/eldiariodesanpedro.com.ar\/sitio\/wp-json\/wp\/v2\/users\/4"}],"replies":[{"embeddable":true,"href":"https:\/\/eldiariodesanpedro.com.ar\/sitio\/wp-json\/wp\/v2\/comments?post=109902"}],"version-history":[{"count":1,"href":"https:\/\/eldiariodesanpedro.com.ar\/sitio\/wp-json\/wp\/v2\/posts\/109902\/revisions"}],"predecessor-version":[{"id":109904,"href":"https:\/\/eldiariodesanpedro.com.ar\/sitio\/wp-json\/wp\/v2\/posts\/109902\/revisions\/109904"}],"wp:featuredmedia":[{"embeddable":true,"href":"https:\/\/eldiariodesanpedro.com.ar\/sitio\/wp-json\/wp\/v2\/media\/109903"}],"wp:attachment":[{"href":"https:\/\/eldiariodesanpedro.com.ar\/sitio\/wp-json\/wp\/v2\/media?parent=109902"}],"wp:term":[{"taxonomy":"category","embeddable":true,"href":"https:\/\/eldiariodesanpedro.com.ar\/sitio\/wp-json\/wp\/v2\/categories?post=109902"},{"taxonomy":"post_tag","embeddable":true,"href":"https:\/\/eldiariodesanpedro.com.ar\/sitio\/wp-json\/wp\/v2\/tags?post=109902"}],"curies":[{"name":"wp","href":"https:\/\/api.w.org\/{rel}","templated":true}]}}