{"id":109896,"date":"2022-08-19T10:37:30","date_gmt":"2022-08-19T13:37:30","guid":{"rendered":"https:\/\/eldiariodesanpedro.com.ar\/sitio\/?p=109896"},"modified":"2022-08-19T10:37:31","modified_gmt":"2022-08-19T13:37:31","slug":"jornada-de-prevencion-para-la-deteccion-temprana-del-maltrato-infantil","status":"publish","type":"post","link":"https:\/\/eldiariodesanpedro.com.ar\/sitio\/jornada-de-prevencion-para-la-deteccion-temprana-del-maltrato-infantil\/","title":{"rendered":"Jornada de prevenci\u00f3n para la detecci\u00f3n temprana del maltrato infantil"},"content":{"rendered":"<!-- VideographyWP Plugin Message: Automatic video embedding prevented by plugin options. -->\n\n<p>En el marco del Programa Municipal \u201cNi\u00f1eces y Adolescencias Protagonistas\u201d profesionales del Servicio Local de Promoci\u00f3n y Protecci\u00f3n de los Derechos de Ni\u00f1os, Ni\u00f1as y Adolescentes dependiente de la Secretar\u00eda Desarrollo Humano llevaron adelante una nueva jornada de prevenci\u00f3n de maltrato y abuso sexual infantil.<\/p>\n\n\n\n<p>En esta ocasi\u00f3n la jornada se llev\u00f3 a cabo en Paran\u00e1 F\u00fatbol Club de la cual participaron Profesores, Directivos, Sub comisiones, empleados de la instituci\u00f3n y allegados a la misma, con el fin de brindarles herramientas para la detecci\u00f3n temprana y erradicaci\u00f3n del ASI y\/o cualquier forma de maltrato infantil.<\/p>\n\n\n\n<p>Estas jornadas se llevar\u00e1n a cabo durante todo el a\u00f1o en distintos clubes con diferentes problem\u00e1ticas.<\/p>\n\n\n\n<p>El desarrollo de este programa que tiene como objetivo la promoci\u00f3n de derechos y la prevenci\u00f3n de conflictos y vulneraci\u00f3n de derechos.<\/p>\n\n\n\n<p>Desde la Municipalidad de San Pedro, agradecemos al club Paran\u00e1 por recibirnos, por la calidez y el respeto.<\/p>\n\n\n\n<figure class=\"wp-block-image size-full\"><img decoding=\"async\" width=\"840\" height=\"630\" data-attachment-id=\"109898\" data-permalink=\"https:\/\/eldiariodesanpedro.com.ar\/sitio\/jornada-de-prevencion-para-la-deteccion-temprana-del-maltrato-infantil\/whatsapp-image-2022-08-19-at-10-25-53-am\/\" data-orig-file=\"https:\/\/eldiariodesanpedro.com.ar\/sitio\/wp-content\/uploads\/2022\/08\/WhatsApp-Image-2022-08-19-at-10.25.53-AM.jpeg\" data-orig-size=\"840,630\" data-comments-opened=\"0\" data-image-meta=\"{&quot;aperture&quot;:&quot;0&quot;,&quot;credit&quot;:&quot;&quot;,&quot;camera&quot;:&quot;&quot;,&quot;caption&quot;:&quot;&quot;,&quot;created_timestamp&quot;:&quot;0&quot;,&quot;copyright&quot;:&quot;&quot;,&quot;focal_length&quot;:&quot;0&quot;,&quot;iso&quot;:&quot;0&quot;,&quot;shutter_speed&quot;:&quot;0&quot;,&quot;title&quot;:&quot;&quot;,&quot;orientation&quot;:&quot;0&quot;}\" data-image-title=\"WhatsApp Image 2022-08-19 at 10.25.53 AM\" data-image-description=\"\" data-image-caption=\"\" data-large-file=\"https:\/\/eldiariodesanpedro.com.ar\/sitio\/wp-content\/uploads\/2022\/08\/WhatsApp-Image-2022-08-19-at-10.25.53-AM.jpeg\" data-src=\"https:\/\/eldiariodesanpedro.com.ar\/sitio\/wp-content\/uploads\/2022\/08\/WhatsApp-Image-2022-08-19-at-10.25.53-AM.jpeg\" alt=\"\" class=\"wp-image-109898 lazyload\" data-srcset=\"https:\/\/eldiariodesanpedro.com.ar\/sitio\/wp-content\/uploads\/2022\/08\/WhatsApp-Image-2022-08-19-at-10.25.53-AM.jpeg 840w, https:\/\/eldiariodesanpedro.com.ar\/sitio\/wp-content\/uploads\/2022\/08\/WhatsApp-Image-2022-08-19-at-10.25.53-AM-300x225.jpeg 300w, https:\/\/eldiariodesanpedro.com.ar\/sitio\/wp-content\/uploads\/2022\/08\/WhatsApp-Image-2022-08-19-at-10.25.53-AM-768x576.jpeg 768w, https:\/\/eldiariodesanpedro.com.ar\/sitio\/wp-content\/uploads\/2022\/08\/WhatsApp-Image-2022-08-19-at-10.25.53-AM-272x204.jpeg 272w\" data-sizes=\"(max-width: 840px) 100vw, 840px\" src=\"data:image\/svg+xml;base64,PHN2ZyB3aWR0aD0iMSIgaGVpZ2h0PSIxIiB4bWxucz0iaHR0cDovL3d3dy53My5vcmcvMjAwMC9zdmciPjwvc3ZnPg==\" style=\"--smush-placeholder-width: 840px; --smush-placeholder-aspect-ratio: 840\/630;\" \/><\/figure>\n","protected":false},"excerpt":{"rendered":"<p>En el marco del Programa Municipal \u201cNi\u00f1eces y Adolescencias Protagonistas\u201d profesionales del Servicio Local de Promoci\u00f3n y Protecci\u00f3n de los Derechos de Ni\u00f1os, Ni\u00f1as y Adolescentes dependiente de la Secretar\u00eda Desarrollo Humano llevaron adelante una nueva jornada de prevenci\u00f3n de maltrato y abuso sexual infantil. En esta ocasi\u00f3n la jornada se llev\u00f3 a cabo en [&hellip;]<\/p>\n","protected":false},"author":4,"featured_media":109897,"comment_status":"closed","ping_status":"closed","sticky":false,"template":"","format":"standard","meta":{"om_disable_all_campaigns":false,"_jetpack_memberships_contains_paid_content":false,"footnotes":""},"categories":[101,2],"tags":[197,696,33,19],"class_list":["post-109896","post","type-post","status-publish","format-standard","has-post-thumbnail","hentry","category-interes-general-locales","category-locales","tag-buenos-aires","tag-interes-general","tag-locales","tag-san-pedro"],"aioseo_notices":[],"gutentor_comment":0,"jetpack_featured_media_url":"https:\/\/eldiariodesanpedro.com.ar\/sitio\/wp-content\/uploads\/2022\/08\/WhatsApp-Image-2022-08-19-at-10.25.52-AM.jpeg","jetpack_shortlink":"https:\/\/wp.me\/p6RhLt-sAw","jetpack_sharing_enabled":true,"_links":{"self":[{"href":"https:\/\/eldiariodesanpedro.com.ar\/sitio\/wp-json\/wp\/v2\/posts\/109896","targetHints":{"allow":["GET"]}}],"collection":[{"href":"https:\/\/eldiariodesanpedro.com.ar\/sitio\/wp-json\/wp\/v2\/posts"}],"about":[{"href":"https:\/\/eldiariodesanpedro.com.ar\/sitio\/wp-json\/wp\/v2\/types\/post"}],"author":[{"embeddable":true,"href":"https:\/\/eldiariodesanpedro.com.ar\/sitio\/wp-json\/wp\/v2\/users\/4"}],"replies":[{"embeddable":true,"href":"https:\/\/eldiariodesanpedro.com.ar\/sitio\/wp-json\/wp\/v2\/comments?post=109896"}],"version-history":[{"count":1,"href":"https:\/\/eldiariodesanpedro.com.ar\/sitio\/wp-json\/wp\/v2\/posts\/109896\/revisions"}],"predecessor-version":[{"id":109899,"href":"https:\/\/eldiariodesanpedro.com.ar\/sitio\/wp-json\/wp\/v2\/posts\/109896\/revisions\/109899"}],"wp:featuredmedia":[{"embeddable":true,"href":"https:\/\/eldiariodesanpedro.com.ar\/sitio\/wp-json\/wp\/v2\/media\/109897"}],"wp:attachment":[{"href":"https:\/\/eldiariodesanpedro.com.ar\/sitio\/wp-json\/wp\/v2\/media?parent=109896"}],"wp:term":[{"taxonomy":"category","embeddable":true,"href":"https:\/\/eldiariodesanpedro.com.ar\/sitio\/wp-json\/wp\/v2\/categories?post=109896"},{"taxonomy":"post_tag","embeddable":true,"href":"https:\/\/eldiariodesanpedro.com.ar\/sitio\/wp-json\/wp\/v2\/tags?post=109896"}],"curies":[{"name":"wp","href":"https:\/\/api.w.org\/{rel}","templated":true}]}}