{"id":109893,"date":"2022-08-19T10:34:43","date_gmt":"2022-08-19T13:34:43","guid":{"rendered":"https:\/\/eldiariodesanpedro.com.ar\/sitio\/?p=109893"},"modified":"2022-08-19T10:34:44","modified_gmt":"2022-08-19T13:34:44","slug":"extrano-incendio-en-una-vivienda-deshabitada","status":"publish","type":"post","link":"https:\/\/eldiariodesanpedro.com.ar\/sitio\/extrano-incendio-en-una-vivienda-deshabitada\/","title":{"rendered":"Extra\u00f1o incendio en una vivienda deshabitada"},"content":{"rendered":"<!-- VideographyWP Plugin Message: Automatic video embedding prevented by plugin options. -->\n\n<p>En la ma\u00f1ana de hoy ocurri\u00f3 un extra\u00f1o hecho donde ocurr\u00edo un incendio en una vivienda que se encuentra deshabitada.<\/p>\n\n\n\n<p>El hecho tuvo lugar alrededor de las 8:30 hs de este viernes en una vivienda ubicada en calle Obligado y Jose Hernandez en una vivienda recientemente construida donde los bomberos se hicieron presentes para apagar un principio de incendio que ya hab\u00eda sido apagado por los propietarios.<\/p>\n\n\n\n<p>El propietario al llegar detect\u00f3 que el incendio se realizaba en la cocina, por lo que decidi\u00f3 cortar el gas desde el medidor para evitar que se propague.<\/p>\n\n\n\n<p>Lo que no se comprende es de la manera en que se inici\u00f3 el fuego teniendo en cuenta que la casa se encuentra totalmente vac\u00eda.<\/p>\n","protected":false},"excerpt":{"rendered":"<p>En la ma\u00f1ana de hoy ocurri\u00f3 un extra\u00f1o hecho donde ocurr\u00edo un incendio en una vivienda que se encuentra deshabitada. El hecho tuvo lugar alrededor de las 8:30 hs de este viernes en una vivienda ubicada en calle Obligado y Jose Hernandez en una vivienda recientemente construida donde los bomberos se hicieron presentes para apagar [&hellip;]<\/p>\n","protected":false},"author":4,"featured_media":109894,"comment_status":"closed","ping_status":"closed","sticky":false,"template":"","format":"standard","meta":{"om_disable_all_campaigns":false,"_jetpack_memberships_contains_paid_content":false,"footnotes":""},"categories":[2,103],"tags":[197,33,95,19],"class_list":["post-109893","post","type-post","status-publish","format-standard","has-post-thumbnail","hentry","category-locales","category-policiales-locales","tag-buenos-aires","tag-locales","tag-policiales","tag-san-pedro"],"aioseo_notices":[],"gutentor_comment":0,"jetpack_featured_media_url":"https:\/\/eldiariodesanpedro.com.ar\/sitio\/wp-content\/uploads\/2022\/08\/WhatsApp-Image-2022-08-19-at-9.55.33-AM.jpeg","jetpack_shortlink":"https:\/\/wp.me\/p6RhLt-sAt","jetpack_sharing_enabled":true,"_links":{"self":[{"href":"https:\/\/eldiariodesanpedro.com.ar\/sitio\/wp-json\/wp\/v2\/posts\/109893","targetHints":{"allow":["GET"]}}],"collection":[{"href":"https:\/\/eldiariodesanpedro.com.ar\/sitio\/wp-json\/wp\/v2\/posts"}],"about":[{"href":"https:\/\/eldiariodesanpedro.com.ar\/sitio\/wp-json\/wp\/v2\/types\/post"}],"author":[{"embeddable":true,"href":"https:\/\/eldiariodesanpedro.com.ar\/sitio\/wp-json\/wp\/v2\/users\/4"}],"replies":[{"embeddable":true,"href":"https:\/\/eldiariodesanpedro.com.ar\/sitio\/wp-json\/wp\/v2\/comments?post=109893"}],"version-history":[{"count":1,"href":"https:\/\/eldiariodesanpedro.com.ar\/sitio\/wp-json\/wp\/v2\/posts\/109893\/revisions"}],"predecessor-version":[{"id":109895,"href":"https:\/\/eldiariodesanpedro.com.ar\/sitio\/wp-json\/wp\/v2\/posts\/109893\/revisions\/109895"}],"wp:featuredmedia":[{"embeddable":true,"href":"https:\/\/eldiariodesanpedro.com.ar\/sitio\/wp-json\/wp\/v2\/media\/109894"}],"wp:attachment":[{"href":"https:\/\/eldiariodesanpedro.com.ar\/sitio\/wp-json\/wp\/v2\/media?parent=109893"}],"wp:term":[{"taxonomy":"category","embeddable":true,"href":"https:\/\/eldiariodesanpedro.com.ar\/sitio\/wp-json\/wp\/v2\/categories?post=109893"},{"taxonomy":"post_tag","embeddable":true,"href":"https:\/\/eldiariodesanpedro.com.ar\/sitio\/wp-json\/wp\/v2\/tags?post=109893"}],"curies":[{"name":"wp","href":"https:\/\/api.w.org\/{rel}","templated":true}]}}