{"id":109883,"date":"2022-08-19T10:10:53","date_gmt":"2022-08-19T13:10:53","guid":{"rendered":"https:\/\/eldiariodesanpedro.com.ar\/sitio\/?p=109883"},"modified":"2022-08-19T12:09:37","modified_gmt":"2022-08-19T15:09:37","slug":"tres-camiones-chocaron-en-la-ruta-9-y-un-hombre-fallecio-al-quedar-atrapado","status":"publish","type":"post","link":"https:\/\/eldiariodesanpedro.com.ar\/sitio\/tres-camiones-chocaron-en-la-ruta-9-y-un-hombre-fallecio-al-quedar-atrapado\/","title":{"rendered":"Tres camiones chocaron en la ruta 9 y un hombre falleci\u00f3 al quedar atrapado"},"content":{"rendered":"<!-- VideographyWP Plugin Message: Automatic video embedding prevented by plugin options. -->\n\n<p><br>Ruta Nacional N\u00b09: Tr\u00e1gico accidente en cadena<br>Sucedi\u00f3 en el kil\u00f3metro 168 y fueron tres los camiones involucrados. La v\u00edctima fatal es oriunda de C\u00f3rdoba. En un violento accidente de tr\u00e1nsito ocurrido sobre el kil\u00f3metro 168 de la Ruta 9 un chofer de 47 a\u00f1os identificado como Luis Rub\u00e9n Ludue\u00f1a falleci\u00f3 debido a las graves lesiones sufridas.<\/p>\n\n\n\n<p>El cami\u00f3n Iveco cargado con pallets de gaseosas y aguas saborizadas que manejaba la v\u00edctima colision\u00f3 desde atr\u00e1s a otro cami\u00f3n que circulaba en la misma direcci\u00f3n y que era remolcado por un tercer rodado.<br>Ambos veh\u00edculos, conducidos por padre e hijo, Mat\u00edas Gast\u00f3n Helber y Carlos Gast\u00f3n Helber, oriundos de Ramallo, se hab\u00edan auxiliado entre s\u00ed luego de que uno de los camiones sufriera un desperfecto. En ese instante, mientras circulaban a baja velocidad, fue cuando el otro rodado los embisti\u00f3 incrust\u00e1ndose cuatro metros sobre el acoplado del otro veh\u00edculo.<\/p>\n\n\n\n<p>Los Bomberos a cargo del operativo se\u00f1alaron que en ese momento la visibilidad era perfecta.<\/p>\n\n\n\n<p>Todo ocurri\u00f3 esta ma\u00f1ana de viernes cuando un cami\u00f3n vac\u00edo llevaba de tiro a otro cami\u00f3n que transportaba hierros, un tercero que transportaba gaseosas impacto en velocidad desde atr\u00e1s al cami\u00f3n con acero por lo que la cabina quedo completamente destruida<\/p>\n\n\n\n<figure class=\"wp-block-image size-large\"><img decoding=\"async\" width=\"1024\" height=\"461\" data-attachment-id=\"109885\" data-permalink=\"https:\/\/eldiariodesanpedro.com.ar\/sitio\/tres-camiones-chocaron-en-la-ruta-9-y-un-hombre-fallecio-al-quedar-atrapado\/whatsapp-image-2022-08-19-at-9-04-46-am-1\/\" data-orig-file=\"https:\/\/eldiariodesanpedro.com.ar\/sitio\/wp-content\/uploads\/2022\/08\/WhatsApp-Image-2022-08-19-at-9.04.46-AM-1.jpeg\" data-orig-size=\"1200,540\" data-comments-opened=\"0\" data-image-meta=\"{&quot;aperture&quot;:&quot;0&quot;,&quot;credit&quot;:&quot;&quot;,&quot;camera&quot;:&quot;&quot;,&quot;caption&quot;:&quot;&quot;,&quot;created_timestamp&quot;:&quot;0&quot;,&quot;copyright&quot;:&quot;&quot;,&quot;focal_length&quot;:&quot;0&quot;,&quot;iso&quot;:&quot;0&quot;,&quot;shutter_speed&quot;:&quot;0&quot;,&quot;title&quot;:&quot;&quot;,&quot;orientation&quot;:&quot;0&quot;}\" data-image-title=\"WhatsApp Image 2022-08-19 at 9.04.46 AM (1)\" data-image-description=\"\" data-image-caption=\"\" data-large-file=\"https:\/\/eldiariodesanpedro.com.ar\/sitio\/wp-content\/uploads\/2022\/08\/WhatsApp-Image-2022-08-19-at-9.04.46-AM-1-1024x461.jpeg\" data-src=\"https:\/\/eldiariodesanpedro.com.ar\/sitio\/wp-content\/uploads\/2022\/08\/WhatsApp-Image-2022-08-19-at-9.04.46-AM-1-1024x461.jpeg\" alt=\"\" class=\"wp-image-109885 lazyload\" data-srcset=\"https:\/\/eldiariodesanpedro.com.ar\/sitio\/wp-content\/uploads\/2022\/08\/WhatsApp-Image-2022-08-19-at-9.04.46-AM-1-1024x461.jpeg 1024w, https:\/\/eldiariodesanpedro.com.ar\/sitio\/wp-content\/uploads\/2022\/08\/WhatsApp-Image-2022-08-19-at-9.04.46-AM-1-300x135.jpeg 300w, https:\/\/eldiariodesanpedro.com.ar\/sitio\/wp-content\/uploads\/2022\/08\/WhatsApp-Image-2022-08-19-at-9.04.46-AM-1-768x346.jpeg 768w, https:\/\/eldiariodesanpedro.com.ar\/sitio\/wp-content\/uploads\/2022\/08\/WhatsApp-Image-2022-08-19-at-9.04.46-AM-1.jpeg 1200w\" data-sizes=\"(max-width: 1024px) 100vw, 1024px\" src=\"data:image\/svg+xml;base64,PHN2ZyB3aWR0aD0iMSIgaGVpZ2h0PSIxIiB4bWxucz0iaHR0cDovL3d3dy53My5vcmcvMjAwMC9zdmciPjwvc3ZnPg==\" style=\"--smush-placeholder-width: 1024px; --smush-placeholder-aspect-ratio: 1024\/461;\" \/><\/figure>\n\n\n\n<figure class=\"wp-block-image size-large\"><img decoding=\"async\" width=\"1024\" height=\"461\" data-attachment-id=\"109884\" data-permalink=\"https:\/\/eldiariodesanpedro.com.ar\/sitio\/tres-camiones-chocaron-en-la-ruta-9-y-un-hombre-fallecio-al-quedar-atrapado\/whatsapp-image-2022-08-19-at-9-04-45-am\/\" data-orig-file=\"https:\/\/eldiariodesanpedro.com.ar\/sitio\/wp-content\/uploads\/2022\/08\/WhatsApp-Image-2022-08-19-at-9.04.45-AM.jpeg\" data-orig-size=\"1200,540\" data-comments-opened=\"0\" data-image-meta=\"{&quot;aperture&quot;:&quot;0&quot;,&quot;credit&quot;:&quot;&quot;,&quot;camera&quot;:&quot;&quot;,&quot;caption&quot;:&quot;&quot;,&quot;created_timestamp&quot;:&quot;0&quot;,&quot;copyright&quot;:&quot;&quot;,&quot;focal_length&quot;:&quot;0&quot;,&quot;iso&quot;:&quot;0&quot;,&quot;shutter_speed&quot;:&quot;0&quot;,&quot;title&quot;:&quot;&quot;,&quot;orientation&quot;:&quot;0&quot;}\" data-image-title=\"WhatsApp Image 2022-08-19 at 9.04.45 AM\" data-image-description=\"\" data-image-caption=\"\" data-large-file=\"https:\/\/eldiariodesanpedro.com.ar\/sitio\/wp-content\/uploads\/2022\/08\/WhatsApp-Image-2022-08-19-at-9.04.45-AM-1024x461.jpeg\" data-src=\"https:\/\/eldiariodesanpedro.com.ar\/sitio\/wp-content\/uploads\/2022\/08\/WhatsApp-Image-2022-08-19-at-9.04.45-AM-1024x461.jpeg\" alt=\"\" class=\"wp-image-109884 lazyload\" data-srcset=\"https:\/\/eldiariodesanpedro.com.ar\/sitio\/wp-content\/uploads\/2022\/08\/WhatsApp-Image-2022-08-19-at-9.04.45-AM-1024x461.jpeg 1024w, https:\/\/eldiariodesanpedro.com.ar\/sitio\/wp-content\/uploads\/2022\/08\/WhatsApp-Image-2022-08-19-at-9.04.45-AM-300x135.jpeg 300w, https:\/\/eldiariodesanpedro.com.ar\/sitio\/wp-content\/uploads\/2022\/08\/WhatsApp-Image-2022-08-19-at-9.04.45-AM-768x346.jpeg 768w, https:\/\/eldiariodesanpedro.com.ar\/sitio\/wp-content\/uploads\/2022\/08\/WhatsApp-Image-2022-08-19-at-9.04.45-AM.jpeg 1200w\" data-sizes=\"(max-width: 1024px) 100vw, 1024px\" src=\"data:image\/svg+xml;base64,PHN2ZyB3aWR0aD0iMSIgaGVpZ2h0PSIxIiB4bWxucz0iaHR0cDovL3d3dy53My5vcmcvMjAwMC9zdmciPjwvc3ZnPg==\" style=\"--smush-placeholder-width: 1024px; --smush-placeholder-aspect-ratio: 1024\/461;\" \/><\/figure>\n","protected":false},"excerpt":{"rendered":"<p>Ruta Nacional N\u00b09: Tr\u00e1gico accidente en cadenaSucedi\u00f3 en el kil\u00f3metro 168 y fueron tres los camiones involucrados. La v\u00edctima fatal es oriunda de C\u00f3rdoba. En un violento accidente de tr\u00e1nsito ocurrido sobre el kil\u00f3metro 168 de la Ruta 9 un chofer de 47 a\u00f1os identificado como Luis Rub\u00e9n Ludue\u00f1a falleci\u00f3 debido a las graves lesiones [&hellip;]<\/p>\n","protected":false},"author":4,"featured_media":109887,"comment_status":"closed","ping_status":"closed","sticky":false,"template":"","format":"standard","meta":{"om_disable_all_campaigns":false,"_jetpack_memberships_contains_paid_content":false,"footnotes":""},"categories":[50,2,103],"tags":[197,33,95,19],"class_list":["post-109883","post","type-post","status-publish","format-standard","has-post-thumbnail","hentry","category-destacadas","category-locales","category-policiales-locales","tag-buenos-aires","tag-locales","tag-policiales","tag-san-pedro"],"aioseo_notices":[],"gutentor_comment":0,"jetpack_featured_media_url":"https:\/\/eldiariodesanpedro.com.ar\/sitio\/wp-content\/uploads\/2022\/08\/WhatsApp-Image-2022-08-19-at-9.04.50-AM-1.jpeg","jetpack_shortlink":"https:\/\/wp.me\/p6RhLt-sAj","jetpack_sharing_enabled":true,"_links":{"self":[{"href":"https:\/\/eldiariodesanpedro.com.ar\/sitio\/wp-json\/wp\/v2\/posts\/109883","targetHints":{"allow":["GET"]}}],"collection":[{"href":"https:\/\/eldiariodesanpedro.com.ar\/sitio\/wp-json\/wp\/v2\/posts"}],"about":[{"href":"https:\/\/eldiariodesanpedro.com.ar\/sitio\/wp-json\/wp\/v2\/types\/post"}],"author":[{"embeddable":true,"href":"https:\/\/eldiariodesanpedro.com.ar\/sitio\/wp-json\/wp\/v2\/users\/4"}],"replies":[{"embeddable":true,"href":"https:\/\/eldiariodesanpedro.com.ar\/sitio\/wp-json\/wp\/v2\/comments?post=109883"}],"version-history":[{"count":3,"href":"https:\/\/eldiariodesanpedro.com.ar\/sitio\/wp-json\/wp\/v2\/posts\/109883\/revisions"}],"predecessor-version":[{"id":109906,"href":"https:\/\/eldiariodesanpedro.com.ar\/sitio\/wp-json\/wp\/v2\/posts\/109883\/revisions\/109906"}],"wp:featuredmedia":[{"embeddable":true,"href":"https:\/\/eldiariodesanpedro.com.ar\/sitio\/wp-json\/wp\/v2\/media\/109887"}],"wp:attachment":[{"href":"https:\/\/eldiariodesanpedro.com.ar\/sitio\/wp-json\/wp\/v2\/media?parent=109883"}],"wp:term":[{"taxonomy":"category","embeddable":true,"href":"https:\/\/eldiariodesanpedro.com.ar\/sitio\/wp-json\/wp\/v2\/categories?post=109883"},{"taxonomy":"post_tag","embeddable":true,"href":"https:\/\/eldiariodesanpedro.com.ar\/sitio\/wp-json\/wp\/v2\/tags?post=109883"}],"curies":[{"name":"wp","href":"https:\/\/api.w.org\/{rel}","templated":true}]}}