{"id":109878,"date":"2022-08-19T09:16:19","date_gmt":"2022-08-19T12:16:19","guid":{"rendered":"https:\/\/eldiariodesanpedro.com.ar\/sitio\/?p=109878"},"modified":"2022-08-19T09:16:20","modified_gmt":"2022-08-19T12:16:20","slug":"inta-san-pedro-informo-que-la-temperatura-llego-a-21o-y-se-inicio-el-control-de-heladas","status":"publish","type":"post","link":"https:\/\/eldiariodesanpedro.com.ar\/sitio\/inta-san-pedro-informo-que-la-temperatura-llego-a-21o-y-se-inicio-el-control-de-heladas\/","title":{"rendered":"Inta San Pedro inform\u00f3 que la temperatura lleg\u00f3 a -2,1\u00ba y se inici\u00f3 el control de heladas"},"content":{"rendered":"<!-- VideographyWP Plugin Message: Automatic video embedding prevented by plugin options. -->\n\n<p>A las 06:30 hs se finaliza el Servicio Nro 2 del control con heladas, con un leve repunte a temperaturas positivas.&nbsp;<\/p>\n\n\n\n<p>Los valores fueron negativos desde las 23 hs de la noche del 18 de agosto y superando las 6 horas de valores negativos, aunque con una brisa sostenida de 2 a 3 km\/h del sector norte, volvieron a estar sobre 0\u00baC.&nbsp;<\/p>\n\n\n\n<p>\u201cSeg\u00fan los datos registrados en nuestros sensores las m\u00ednimas en este per\u00edodo fueron de -2.1 \u00baC en Ruta 9 km 170 a las 2.30 hs, y de -3 \u00baC a esa misma hora en la estaci\u00f3n ubicada en R\u00edo Tala, Ruta 1001 Km.10,5\u201d.&nbsp;<\/p>\n\n\n\n<p>Los reportes de productores se\u00f1alaron situaciones similares y hubo confirmaci\u00f3n de puesta en marcha de defensas.\u00a0<\/p>\n\n\n\n<figure class=\"wp-block-image size-full\"><img decoding=\"async\" width=\"630\" height=\"630\" data-attachment-id=\"109880\" data-permalink=\"https:\/\/eldiariodesanpedro.com.ar\/sitio\/inta-san-pedro-informo-que-la-temperatura-llego-a-21o-y-se-inicio-el-control-de-heladas\/299834853_383139407308939_5194136493478913933_n\/\" data-orig-file=\"https:\/\/eldiariodesanpedro.com.ar\/sitio\/wp-content\/uploads\/2022\/08\/299834853_383139407308939_5194136493478913933_n.jpg\" data-orig-size=\"630,630\" data-comments-opened=\"0\" data-image-meta=\"{&quot;aperture&quot;:&quot;0&quot;,&quot;credit&quot;:&quot;&quot;,&quot;camera&quot;:&quot;&quot;,&quot;caption&quot;:&quot;&quot;,&quot;created_timestamp&quot;:&quot;0&quot;,&quot;copyright&quot;:&quot;&quot;,&quot;focal_length&quot;:&quot;0&quot;,&quot;iso&quot;:&quot;0&quot;,&quot;shutter_speed&quot;:&quot;0&quot;,&quot;title&quot;:&quot;&quot;,&quot;orientation&quot;:&quot;0&quot;}\" data-image-title=\"299834853_383139407308939_5194136493478913933_n\" data-image-description=\"\" data-image-caption=\"\" data-large-file=\"https:\/\/eldiariodesanpedro.com.ar\/sitio\/wp-content\/uploads\/2022\/08\/299834853_383139407308939_5194136493478913933_n.jpg\" data-src=\"https:\/\/eldiariodesanpedro.com.ar\/sitio\/wp-content\/uploads\/2022\/08\/299834853_383139407308939_5194136493478913933_n.jpg\" alt=\"\" class=\"wp-image-109880 lazyload\" data-srcset=\"https:\/\/eldiariodesanpedro.com.ar\/sitio\/wp-content\/uploads\/2022\/08\/299834853_383139407308939_5194136493478913933_n.jpg 630w, https:\/\/eldiariodesanpedro.com.ar\/sitio\/wp-content\/uploads\/2022\/08\/299834853_383139407308939_5194136493478913933_n-300x300.jpg 300w, https:\/\/eldiariodesanpedro.com.ar\/sitio\/wp-content\/uploads\/2022\/08\/299834853_383139407308939_5194136493478913933_n-150x150.jpg 150w\" data-sizes=\"(max-width: 630px) 100vw, 630px\" src=\"data:image\/svg+xml;base64,PHN2ZyB3aWR0aD0iMSIgaGVpZ2h0PSIxIiB4bWxucz0iaHR0cDovL3d3dy53My5vcmcvMjAwMC9zdmciPjwvc3ZnPg==\" style=\"--smush-placeholder-width: 630px; --smush-placeholder-aspect-ratio: 630\/630;\" \/><\/figure>\n\n\n\n<figure class=\"wp-block-image size-full\"><img decoding=\"async\" width=\"630\" height=\"630\" data-attachment-id=\"109879\" data-permalink=\"https:\/\/eldiariodesanpedro.com.ar\/sitio\/inta-san-pedro-informo-que-la-temperatura-llego-a-21o-y-se-inicio-el-control-de-heladas\/299212162_383139417308938_746289268660005216_n\/\" data-orig-file=\"https:\/\/eldiariodesanpedro.com.ar\/sitio\/wp-content\/uploads\/2022\/08\/299212162_383139417308938_746289268660005216_n.jpg\" data-orig-size=\"630,630\" data-comments-opened=\"0\" data-image-meta=\"{&quot;aperture&quot;:&quot;0&quot;,&quot;credit&quot;:&quot;&quot;,&quot;camera&quot;:&quot;&quot;,&quot;caption&quot;:&quot;&quot;,&quot;created_timestamp&quot;:&quot;0&quot;,&quot;copyright&quot;:&quot;&quot;,&quot;focal_length&quot;:&quot;0&quot;,&quot;iso&quot;:&quot;0&quot;,&quot;shutter_speed&quot;:&quot;0&quot;,&quot;title&quot;:&quot;&quot;,&quot;orientation&quot;:&quot;0&quot;}\" data-image-title=\"299212162_383139417308938_746289268660005216_n\" data-image-description=\"\" data-image-caption=\"\" data-large-file=\"https:\/\/eldiariodesanpedro.com.ar\/sitio\/wp-content\/uploads\/2022\/08\/299212162_383139417308938_746289268660005216_n.jpg\" data-src=\"https:\/\/eldiariodesanpedro.com.ar\/sitio\/wp-content\/uploads\/2022\/08\/299212162_383139417308938_746289268660005216_n.jpg\" alt=\"\" class=\"wp-image-109879 lazyload\" data-srcset=\"https:\/\/eldiariodesanpedro.com.ar\/sitio\/wp-content\/uploads\/2022\/08\/299212162_383139417308938_746289268660005216_n.jpg 630w, https:\/\/eldiariodesanpedro.com.ar\/sitio\/wp-content\/uploads\/2022\/08\/299212162_383139417308938_746289268660005216_n-300x300.jpg 300w, https:\/\/eldiariodesanpedro.com.ar\/sitio\/wp-content\/uploads\/2022\/08\/299212162_383139417308938_746289268660005216_n-150x150.jpg 150w\" data-sizes=\"(max-width: 630px) 100vw, 630px\" src=\"data:image\/svg+xml;base64,PHN2ZyB3aWR0aD0iMSIgaGVpZ2h0PSIxIiB4bWxucz0iaHR0cDovL3d3dy53My5vcmcvMjAwMC9zdmciPjwvc3ZnPg==\" style=\"--smush-placeholder-width: 630px; --smush-placeholder-aspect-ratio: 630\/630;\" \/><\/figure>\n","protected":false},"excerpt":{"rendered":"<p>A las 06:30 hs se finaliza el Servicio Nro 2 del control con heladas, con un leve repunte a temperaturas positivas.&nbsp; Los valores fueron negativos desde las 23 hs de la noche del 18 de agosto y superando las 6 horas de valores negativos, aunque con una brisa sostenida de 2 a 3 km\/h del [&hellip;]<\/p>\n","protected":false},"author":4,"featured_media":109881,"comment_status":"closed","ping_status":"closed","sticky":false,"template":"","format":"standard","meta":{"om_disable_all_campaigns":false,"_jetpack_memberships_contains_paid_content":false,"footnotes":""},"categories":[50,101,2],"tags":[197,696,33,19],"class_list":["post-109878","post","type-post","status-publish","format-standard","has-post-thumbnail","hentry","category-destacadas","category-interes-general-locales","category-locales","tag-buenos-aires","tag-interes-general","tag-locales","tag-san-pedro"],"aioseo_notices":[],"gutentor_comment":0,"jetpack_featured_media_url":"https:\/\/eldiariodesanpedro.com.ar\/sitio\/wp-content\/uploads\/2022\/08\/medida-18.png","jetpack_shortlink":"https:\/\/wp.me\/p6RhLt-sAe","jetpack_sharing_enabled":true,"_links":{"self":[{"href":"https:\/\/eldiariodesanpedro.com.ar\/sitio\/wp-json\/wp\/v2\/posts\/109878","targetHints":{"allow":["GET"]}}],"collection":[{"href":"https:\/\/eldiariodesanpedro.com.ar\/sitio\/wp-json\/wp\/v2\/posts"}],"about":[{"href":"https:\/\/eldiariodesanpedro.com.ar\/sitio\/wp-json\/wp\/v2\/types\/post"}],"author":[{"embeddable":true,"href":"https:\/\/eldiariodesanpedro.com.ar\/sitio\/wp-json\/wp\/v2\/users\/4"}],"replies":[{"embeddable":true,"href":"https:\/\/eldiariodesanpedro.com.ar\/sitio\/wp-json\/wp\/v2\/comments?post=109878"}],"version-history":[{"count":1,"href":"https:\/\/eldiariodesanpedro.com.ar\/sitio\/wp-json\/wp\/v2\/posts\/109878\/revisions"}],"predecessor-version":[{"id":109882,"href":"https:\/\/eldiariodesanpedro.com.ar\/sitio\/wp-json\/wp\/v2\/posts\/109878\/revisions\/109882"}],"wp:featuredmedia":[{"embeddable":true,"href":"https:\/\/eldiariodesanpedro.com.ar\/sitio\/wp-json\/wp\/v2\/media\/109881"}],"wp:attachment":[{"href":"https:\/\/eldiariodesanpedro.com.ar\/sitio\/wp-json\/wp\/v2\/media?parent=109878"}],"wp:term":[{"taxonomy":"category","embeddable":true,"href":"https:\/\/eldiariodesanpedro.com.ar\/sitio\/wp-json\/wp\/v2\/categories?post=109878"},{"taxonomy":"post_tag","embeddable":true,"href":"https:\/\/eldiariodesanpedro.com.ar\/sitio\/wp-json\/wp\/v2\/tags?post=109878"}],"curies":[{"name":"wp","href":"https:\/\/api.w.org\/{rel}","templated":true}]}}