{"id":109868,"date":"2022-08-19T08:38:25","date_gmt":"2022-08-19T11:38:25","guid":{"rendered":"https:\/\/eldiariodesanpedro.com.ar\/sitio\/?p=109868"},"modified":"2022-08-19T08:38:28","modified_gmt":"2022-08-19T11:38:28","slug":"un-joven-aprehendido-en-la-via-publica-con-un-arma-tumbera","status":"publish","type":"post","link":"https:\/\/eldiariodesanpedro.com.ar\/sitio\/un-joven-aprehendido-en-la-via-publica-con-un-arma-tumbera\/","title":{"rendered":"Un joven aprehendido en la v\u00eda p\u00fablica con un arma tumbera"},"content":{"rendered":"<!-- VideographyWP Plugin Message: Automatic video embedding prevented by plugin options. -->\n\n<p>En la noche de ayer, promediando las 22:00 horas, la polic\u00eda de la comisar\u00eda local tras ser alertado y un r\u00e1pido accionar en calle Rafael Obligado 3200, &nbsp;procede a la aprehensi\u00f3n de un masculino de 23 a\u00f1os de edad, a quien se le secuestr\u00f3 arma de fuego tipo tumbera y tres cartuchos calibre 28 mm percutados.<\/p>\n\n\n\n<p>Interviene UFI 5 local.<\/p>\n","protected":false},"excerpt":{"rendered":"<p>En la noche de ayer, promediando las 22:00 horas, la polic\u00eda de la comisar\u00eda local tras ser alertado y un r\u00e1pido accionar en calle Rafael Obligado 3200, &nbsp;procede a la aprehensi\u00f3n de un masculino de 23 a\u00f1os de edad, a quien se le secuestr\u00f3 arma de fuego tipo tumbera y tres cartuchos calibre 28 mm [&hellip;]<\/p>\n","protected":false},"author":4,"featured_media":78843,"comment_status":"closed","ping_status":"closed","sticky":false,"template":"","format":"standard","meta":{"om_disable_all_campaigns":false,"_jetpack_memberships_contains_paid_content":false,"footnotes":""},"categories":[2,103],"tags":[197,33,95,19],"class_list":["post-109868","post","type-post","status-publish","format-standard","has-post-thumbnail","hentry","category-locales","category-policiales-locales","tag-buenos-aires","tag-locales","tag-policiales","tag-san-pedro"],"aioseo_notices":[],"gutentor_comment":0,"jetpack_featured_media_url":"https:\/\/eldiariodesanpedro.com.ar\/sitio\/wp-content\/uploads\/2020\/08\/0.jpg","jetpack_shortlink":"https:\/\/wp.me\/p6RhLt-sA4","jetpack_sharing_enabled":true,"_links":{"self":[{"href":"https:\/\/eldiariodesanpedro.com.ar\/sitio\/wp-json\/wp\/v2\/posts\/109868","targetHints":{"allow":["GET"]}}],"collection":[{"href":"https:\/\/eldiariodesanpedro.com.ar\/sitio\/wp-json\/wp\/v2\/posts"}],"about":[{"href":"https:\/\/eldiariodesanpedro.com.ar\/sitio\/wp-json\/wp\/v2\/types\/post"}],"author":[{"embeddable":true,"href":"https:\/\/eldiariodesanpedro.com.ar\/sitio\/wp-json\/wp\/v2\/users\/4"}],"replies":[{"embeddable":true,"href":"https:\/\/eldiariodesanpedro.com.ar\/sitio\/wp-json\/wp\/v2\/comments?post=109868"}],"version-history":[{"count":1,"href":"https:\/\/eldiariodesanpedro.com.ar\/sitio\/wp-json\/wp\/v2\/posts\/109868\/revisions"}],"predecessor-version":[{"id":109877,"href":"https:\/\/eldiariodesanpedro.com.ar\/sitio\/wp-json\/wp\/v2\/posts\/109868\/revisions\/109877"}],"wp:featuredmedia":[{"embeddable":true,"href":"https:\/\/eldiariodesanpedro.com.ar\/sitio\/wp-json\/wp\/v2\/media\/78843"}],"wp:attachment":[{"href":"https:\/\/eldiariodesanpedro.com.ar\/sitio\/wp-json\/wp\/v2\/media?parent=109868"}],"wp:term":[{"taxonomy":"category","embeddable":true,"href":"https:\/\/eldiariodesanpedro.com.ar\/sitio\/wp-json\/wp\/v2\/categories?post=109868"},{"taxonomy":"post_tag","embeddable":true,"href":"https:\/\/eldiariodesanpedro.com.ar\/sitio\/wp-json\/wp\/v2\/tags?post=109868"}],"curies":[{"name":"wp","href":"https:\/\/api.w.org\/{rel}","templated":true}]}}