{"id":109865,"date":"2022-08-18T16:11:59","date_gmt":"2022-08-18T19:11:59","guid":{"rendered":"https:\/\/eldiariodesanpedro.com.ar\/sitio\/?p=109865"},"modified":"2022-08-18T16:12:00","modified_gmt":"2022-08-18T19:12:00","slug":"se-recupero-un-parlante-en-un-allanamiento-y-se-aprehendio-a-un-joven","status":"publish","type":"post","link":"https:\/\/eldiariodesanpedro.com.ar\/sitio\/se-recupero-un-parlante-en-un-allanamiento-y-se-aprehendio-a-un-joven\/","title":{"rendered":"Se recupero un parlante en un allanamiento y se aprehendi\u00f3 a un joven"},"content":{"rendered":"<!-- VideographyWP Plugin Message: Automatic video embedding prevented by plugin options. -->\n\n<p>En el d\u00eda de ayer, tras el marco de un hecho de \u201churto\u201d ocurri\u00f3 el pasado s\u00e1bado, el personal grupo GTO tras tareas investigativas, datos recogidos, testimonios recabados, estableci\u00f3 autor\u00eda hecho, solicitado allanamiento extendido por la justicia ordinaria en calle Manuel Iglesias 500, procede al&nbsp;secuestro de un parlante sustra\u00eddo a v\u00edctima y se procedi\u00f3 al traslado del morador para su notificaci\u00f3n de la causa.<\/p>\n\n\n\n<p>Interviene &nbsp;UFI 5 local.-<\/p>\n","protected":false},"excerpt":{"rendered":"<p>En el d\u00eda de ayer, tras el marco de un hecho de \u201churto\u201d ocurri\u00f3 el pasado s\u00e1bado, el personal grupo GTO tras tareas investigativas, datos recogidos, testimonios recabados, estableci\u00f3 autor\u00eda hecho, solicitado allanamiento extendido por la justicia ordinaria en calle Manuel Iglesias 500, procede al&nbsp;secuestro de un parlante sustra\u00eddo a v\u00edctima y se procedi\u00f3 al [&hellip;]<\/p>\n","protected":false},"author":4,"featured_media":109866,"comment_status":"closed","ping_status":"closed","sticky":false,"template":"","format":"standard","meta":{"om_disable_all_campaigns":false,"_jetpack_memberships_contains_paid_content":false,"footnotes":""},"categories":[2,103],"tags":[197,33,95,19,2978],"class_list":["post-109865","post","type-post","status-publish","format-standard","has-post-thumbnail","hentry","category-locales","category-policiales-locales","tag-buenos-aires","tag-locales","tag-policiales","tag-san-pedro","tag-se-recupero-un-parlante-en-un-allanamiento-y-se-aprehendio-a-un-joven"],"aioseo_notices":[],"gutentor_comment":0,"jetpack_featured_media_url":"https:\/\/eldiariodesanpedro.com.ar\/sitio\/wp-content\/uploads\/2022\/08\/4.png","jetpack_shortlink":"https:\/\/wp.me\/p6RhLt-sA1","jetpack_sharing_enabled":true,"_links":{"self":[{"href":"https:\/\/eldiariodesanpedro.com.ar\/sitio\/wp-json\/wp\/v2\/posts\/109865","targetHints":{"allow":["GET"]}}],"collection":[{"href":"https:\/\/eldiariodesanpedro.com.ar\/sitio\/wp-json\/wp\/v2\/posts"}],"about":[{"href":"https:\/\/eldiariodesanpedro.com.ar\/sitio\/wp-json\/wp\/v2\/types\/post"}],"author":[{"embeddable":true,"href":"https:\/\/eldiariodesanpedro.com.ar\/sitio\/wp-json\/wp\/v2\/users\/4"}],"replies":[{"embeddable":true,"href":"https:\/\/eldiariodesanpedro.com.ar\/sitio\/wp-json\/wp\/v2\/comments?post=109865"}],"version-history":[{"count":1,"href":"https:\/\/eldiariodesanpedro.com.ar\/sitio\/wp-json\/wp\/v2\/posts\/109865\/revisions"}],"predecessor-version":[{"id":109867,"href":"https:\/\/eldiariodesanpedro.com.ar\/sitio\/wp-json\/wp\/v2\/posts\/109865\/revisions\/109867"}],"wp:featuredmedia":[{"embeddable":true,"href":"https:\/\/eldiariodesanpedro.com.ar\/sitio\/wp-json\/wp\/v2\/media\/109866"}],"wp:attachment":[{"href":"https:\/\/eldiariodesanpedro.com.ar\/sitio\/wp-json\/wp\/v2\/media?parent=109865"}],"wp:term":[{"taxonomy":"category","embeddable":true,"href":"https:\/\/eldiariodesanpedro.com.ar\/sitio\/wp-json\/wp\/v2\/categories?post=109865"},{"taxonomy":"post_tag","embeddable":true,"href":"https:\/\/eldiariodesanpedro.com.ar\/sitio\/wp-json\/wp\/v2\/tags?post=109865"}],"curies":[{"name":"wp","href":"https:\/\/api.w.org\/{rel}","templated":true}]}}