{"id":109863,"date":"2022-08-18T15:47:54","date_gmt":"2022-08-18T18:47:54","guid":{"rendered":"https:\/\/eldiariodesanpedro.com.ar\/sitio\/?p=109863"},"modified":"2022-08-18T15:47:55","modified_gmt":"2022-08-18T18:47:55","slug":"allanamiento-negativo-con-un-menor-detenido-por-una-caso-de-robo-agravado","status":"publish","type":"post","link":"https:\/\/eldiariodesanpedro.com.ar\/sitio\/allanamiento-negativo-con-un-menor-detenido-por-una-caso-de-robo-agravado\/","title":{"rendered":"Allanamiento negativo con un menor detenido por una caso de robo agravado"},"content":{"rendered":"<!-- VideographyWP Plugin Message: Automatic video embedding prevented by plugin options. -->\n\n<p>En el d\u00eda de ayer en horas de la tarde, Personal Policial en el marco de causa caratulada \u201churto\u201d, denunciada d\u00edas atr\u00e1s por ciudadano de 20 a\u00f1os de edad, tras averiguaciones realizadas, testimonios recabados certific\u00f3 autor\u00eda hecho un delincuente de 17 a\u00f1os de edad de frondosos antecedentes delictivos, extendida diligencia allanamiento para calle General Pueyrred\u00f3n al 1500, cumpliendo la orden con el resultado negativo referente a lo que se buscaba, no obstante a ello se procedi\u00f3 a la detenci\u00f3n del delincuente, quien se encontraba pr\u00f3fugo de la justicia en el marco de una causa por \u201crobo agravado por el uso de arma de fuego e infracci\u00f3n ley 23.737\u201d con intervenci\u00f3n del juzgado de Garant\u00edas del Joven, quien al pasar las horas fue trasladado a un Centro de Contenci\u00f3n de la ciudad de La Plata donde permanecer\u00e1 alojado.-<\/p>\n","protected":false},"excerpt":{"rendered":"<p>En el d\u00eda de ayer en horas de la tarde, Personal Policial en el marco de causa caratulada \u201churto\u201d, denunciada d\u00edas atr\u00e1s por ciudadano de 20 a\u00f1os de edad, tras averiguaciones realizadas, testimonios recabados certific\u00f3 autor\u00eda hecho un delincuente de 17 a\u00f1os de edad de frondosos antecedentes delictivos, extendida diligencia allanamiento para calle General Pueyrred\u00f3n [&hellip;]<\/p>\n","protected":false},"author":4,"featured_media":67079,"comment_status":"closed","ping_status":"closed","sticky":false,"template":"","format":"standard","meta":{"om_disable_all_campaigns":false,"_jetpack_memberships_contains_paid_content":false,"footnotes":""},"categories":[50,2,103],"tags":[197,33,95,19],"class_list":["post-109863","post","type-post","status-publish","format-standard","has-post-thumbnail","hentry","category-destacadas","category-locales","category-policiales-locales","tag-buenos-aires","tag-locales","tag-policiales","tag-san-pedro"],"aioseo_notices":[],"gutentor_comment":0,"jetpack_featured_media_url":"https:\/\/eldiariodesanpedro.com.ar\/sitio\/wp-content\/uploads\/2020\/01\/menor-detenido3.jpg","jetpack_shortlink":"https:\/\/wp.me\/p6RhLt-szZ","jetpack_sharing_enabled":true,"_links":{"self":[{"href":"https:\/\/eldiariodesanpedro.com.ar\/sitio\/wp-json\/wp\/v2\/posts\/109863","targetHints":{"allow":["GET"]}}],"collection":[{"href":"https:\/\/eldiariodesanpedro.com.ar\/sitio\/wp-json\/wp\/v2\/posts"}],"about":[{"href":"https:\/\/eldiariodesanpedro.com.ar\/sitio\/wp-json\/wp\/v2\/types\/post"}],"author":[{"embeddable":true,"href":"https:\/\/eldiariodesanpedro.com.ar\/sitio\/wp-json\/wp\/v2\/users\/4"}],"replies":[{"embeddable":true,"href":"https:\/\/eldiariodesanpedro.com.ar\/sitio\/wp-json\/wp\/v2\/comments?post=109863"}],"version-history":[{"count":1,"href":"https:\/\/eldiariodesanpedro.com.ar\/sitio\/wp-json\/wp\/v2\/posts\/109863\/revisions"}],"predecessor-version":[{"id":109864,"href":"https:\/\/eldiariodesanpedro.com.ar\/sitio\/wp-json\/wp\/v2\/posts\/109863\/revisions\/109864"}],"wp:featuredmedia":[{"embeddable":true,"href":"https:\/\/eldiariodesanpedro.com.ar\/sitio\/wp-json\/wp\/v2\/media\/67079"}],"wp:attachment":[{"href":"https:\/\/eldiariodesanpedro.com.ar\/sitio\/wp-json\/wp\/v2\/media?parent=109863"}],"wp:term":[{"taxonomy":"category","embeddable":true,"href":"https:\/\/eldiariodesanpedro.com.ar\/sitio\/wp-json\/wp\/v2\/categories?post=109863"},{"taxonomy":"post_tag","embeddable":true,"href":"https:\/\/eldiariodesanpedro.com.ar\/sitio\/wp-json\/wp\/v2\/tags?post=109863"}],"curies":[{"name":"wp","href":"https:\/\/api.w.org\/{rel}","templated":true}]}}